{"id":177676,"date":"2025-12-06T13:11:08","date_gmt":"2025-12-06T13:11:08","guid":{"rendered":"https:\/\/www.europesays.com\/pt\/177676\/"},"modified":"2025-12-06T13:11:08","modified_gmt":"2025-12-06T13:11:08","slug":"flavio-bolsonaro-e-escolhido-por-jair-para-disputar-presidencia","status":"publish","type":"post","link":"https:\/\/www.europesays.com\/pt\/177676\/","title":{"rendered":"Fl\u00e1vio Bolsonaro \u00e9 escolhido por Jair para disputar presid\u00eancia"},"content":{"rendered":"<p>Fl\u00e1vio Bolsonaro \u00e9 o escolhido de Jair Bolsonaro para concorrer \u00e0 presid\u00eancia em 2026, segundo declara\u00e7\u00f5es do pr\u00f3prio senador nas redes sociais. A revela\u00e7\u00e3o surpreendeu tanto a direita como a esquerda,\u00a0que esperavam a candidatura de Tarc\u00edsio de Freitas, atual governador de S\u00e3o Paulo e \u00e9, nas sondagens, o mais competitivo concorrente ao presidente Lula da Silva, que tem inten\u00e7\u00e3o de se recandidatar. Outros presidenci\u00e1veis com o apelido Bolsonaro, como a ex-primeira-dama Michelle e o deputado Eduardo, tamb\u00e9m ficam de fora.<\/p>\n<p>&#8220;\u00c9 com grande responsabilidade que confirmo a decis\u00e3o da maior lideran\u00e7a pol\u00edtica e moral do Brasil, Jair Messias Bolsonaro, de me conferir a miss\u00e3o de dar continuidade ao nosso projeto de na\u00e7\u00e3o&#8221;, declarou Fl\u00e1vio nas redes. Jair Bolsonaro est\u00e1 impedido de concorrer pelo Tribunal Eleitoral e pelo Supremo Tribunal Federal que o condenou\u00a0a 27 anos de pris\u00e3o por golpe de estado e outros crimes.<\/p>\n<p>A primeira rea\u00e7\u00e3o foi de Eduardo Bolsonaro, que disse apoiar a candidatura do irm\u00e3o mais velho &#8220;a 100%&#8221;. E Valdemar Costa Neto, presidente do PL, partido da fam\u00edlia, acrescentou\u00a0que &#8220;se o capit\u00e3o falou, est\u00e1 falado&#8221;.\u00a0<\/p>\n<p>Na esquerda, a decis\u00e3o \u00e9 vista com bons olhos porque Tarc\u00edsio, com perfil mais moderado, era considerado um candidato mais perigoso por poder disputar os votos do centro. A Bolsa de Valores caiu 4% logo ap\u00f3s o an\u00fancio e o d\u00f3lar\u00a0subiu face ao real, uma vez que o governador paulista era a escolha preferida dos mercados.\u00a0<\/p>\n<p>Fl\u00e1vio, 44 anos, \u00e9 empres\u00e1rio e advogado, foi deputado estadual no Rio de Janeiro at\u00e9, em 2018, ser eleito senador pelo PL. Visto como o mais &#8220;pol\u00edtico&#8221; dos filhos do ex-presidente, tem boa rela\u00e7\u00e3o com pares parlamentares de centro e de esquerda, mas\u00a0esteve envolvido em esc\u00e2ndalos, como o da &#8220;rachadinha&#8221;, que consiste em receber o sal\u00e1rio de assessores fantasma.\u00a0<\/p>\n<p>Agora, deve passar a ter mais exposi\u00e7\u00e3o em eventos, Brasil afora, e j\u00e1 vai iniciando uma esp\u00e9cie de pr\u00e9-campanha nas redes. &#8220;Muitos se sentem abandonados, aposentados s\u00e3o roubados pelo pr\u00f3prio governo, narco-terroristas dominam cidades e exploram trabalhadores, estatais voltaram a ser saqueadas, novos impostos n\u00e3o param de ser criados ou aumentados, nossas crian\u00e7as n\u00e3o t\u00eam expectativas de futuro. Ningu\u00e9m aguenta mais&#8221;, escreveu.\u00a0<\/p>\n","protected":false},"excerpt":{"rendered":"Fl\u00e1vio Bolsonaro \u00e9 o escolhido de Jair Bolsonaro para concorrer \u00e0 presid\u00eancia em 2026, segundo declara\u00e7\u00f5es do pr\u00f3prio&hellip;\n","protected":false},"author":2,"featured_media":177677,"comment_status":"","ping_status":"","sticky":false,"template":"","format":"standard","meta":{"footnotes":""},"categories":[50],"tags":[726,27,28,15,16,19866,14,1125,25,26,21,22,62,12,13,19,20,5215,23,24,17,18,29,30,31,63,64,65],"class_list":{"0":"post-177676","1":"post","2":"type-post","3":"status-publish","4":"format-standard","5":"has-post-thumbnail","7":"category-mundo","8":"tag-brasil","9":"tag-breaking-news","10":"tag-breakingnews","11":"tag-featured-news","12":"tag-featurednews","13":"tag-flavio-bolsonaro","14":"tag-headlines","15":"tag-jair-bolsonaro","16":"tag-latest-news","17":"tag-latestnews","18":"tag-main-news","19":"tag-mainnews","20":"tag-mundo","21":"tag-news","22":"tag-noticias","23":"tag-noticias-principais","24":"tag-noticiasprincipais","25":"tag-presidenciais","26":"tag-principais-noticias","27":"tag-principaisnoticias","28":"tag-top-stories","29":"tag-topstories","30":"tag-ultimas","31":"tag-ultimas-noticias","32":"tag-ultimasnoticias","33":"tag-world","34":"tag-world-news","35":"tag-worldnews"},"share_on_mastodon":{"url":"https:\/\/pubeurope.com\/@pt\/115672795398522894","error":""},"_links":{"self":[{"href":"https:\/\/www.europesays.com\/pt\/wp-json\/wp\/v2\/posts\/177676","targetHints":{"allow":["GET"]}}],"collection":[{"href":"https:\/\/www.europesays.com\/pt\/wp-json\/wp\/v2\/posts"}],"about":[{"href":"https:\/\/www.europesays.com\/pt\/wp-json\/wp\/v2\/types\/post"}],"author":[{"embeddable":true,"href":"https:\/\/www.europesays.com\/pt\/wp-json\/wp\/v2\/users\/2"}],"replies":[{"embeddable":true,"href":"https:\/\/www.europesays.com\/pt\/wp-json\/wp\/v2\/comments?post=177676"}],"version-history":[{"count":0,"href":"https:\/\/www.europesays.com\/pt\/wp-json\/wp\/v2\/posts\/177676\/revisions"}],"wp:featuredmedia":[{"embeddable":true,"href":"https:\/\/www.europesays.com\/pt\/wp-json\/wp\/v2\/media\/177677"}],"wp:attachment":[{"href":"https:\/\/www.europesays.com\/pt\/wp-json\/wp\/v2\/media?parent=177676"}],"wp:term":[{"taxonomy":"category","embeddable":true,"href":"https:\/\/www.europesays.com\/pt\/wp-json\/wp\/v2\/categories?post=177676"},{"taxonomy":"post_tag","embeddable":true,"href":"https:\/\/www.europesays.com\/pt\/wp-json\/wp\/v2\/tags?post=177676"}],"curies":[{"name":"wp","href":"https:\/\/api.w.org\/{rel}","templated":true}]}}