{"id":177706,"date":"2025-12-06T14:02:00","date_gmt":"2025-12-06T14:02:00","guid":{"rendered":"https:\/\/www.europesays.com\/pt\/177706\/"},"modified":"2025-12-06T14:02:00","modified_gmt":"2025-12-06T14:02:00","slug":"sindicatos-independentes-aderem-a-greve-geral-pela-primeira-vez-e-juntam-se-a-ugt-e-cgtp","status":"publish","type":"post","link":"https:\/\/www.europesays.com\/pt\/177706\/","title":{"rendered":"Sindicatos independentes aderem \u00e0 greve geral pela primeira vez e juntam-se \u00e0 UGT e CGTP"},"content":{"rendered":"<p>A Uni\u00e3o dos Sindicatos Independentes (USI) fundada h\u00e1 25 anos, e que \u00e9 uma confedera\u00e7\u00e3o de sindicatos que congrega a banca, telecomunica\u00e7\u00f5es e outros servi\u00e7os financeiros, entre outras atividades, vai juntar-se aos restantes sindicatos afetos \u00e0 UGT e CGTP para a pr\u00f3xima greve geral de dia 11 de dezembro.<\/p>\n<p><a href=\"https:\/\/expresso.pt\/subscrever?action=GEN&amp;channel=BAF&amp;type=CAP&amp;source=WEB&amp;returnUrl=https:\/\/expresso.pt\/economia\/trabalho\/2025-12-04-sindicatos-independentes-aderem-a-greve-geral-pela-primeira-vez-e-juntam-se-a-ugt-e-cgtp-e7115be6&amp;utm_source=expresso&amp;utm_medium=locked_article&amp;locked=true&amp;article_id=eb83cb72-79a2-46dc-9849-24c2a6dba409&amp;author_id=Isabel+Vicente&amp;category=Trabalho\" target=\"_self\" class=\"\" rel=\"nofollow noopener\">Subscrever<\/a>J\u00e1 \u00e9 Subscritor?Fa\u00e7a login e continue a ler<a href=\"http:\/\/expresso.pt\/codigo?redirectUrl=https:\/\/expresso.pt\/economia\/trabalho\/2025-12-04-sindicatos-independentes-aderem-a-greve-geral-pela-primeira-vez-e-juntam-se-a-ugt-e-cgtp-e7115be6\" target=\"_self\" class=\"\" rel=\"nofollow noopener\">Inserir C\u00f3digo<\/a>Comprou o Expresso?Insira o c\u00f3digo presente na Revista E para continuar a ler<\/p>\n","protected":false},"excerpt":{"rendered":"A Uni\u00e3o dos Sindicatos Independentes (USI) fundada h\u00e1 25 anos, e que \u00e9 uma confedera\u00e7\u00e3o de sindicatos que&hellip;\n","protected":false},"author":2,"featured_media":177707,"comment_status":"","ping_status":"","sticky":false,"template":"","format":"standard","meta":{"footnotes":""},"categories":[8],"tags":[27,28,15,16,14,25,26,21,22,12,13,19,20,32,23,24,33,17,18,29,30,31],"class_list":{"0":"post-177706","1":"post","2":"type-post","3":"status-publish","4":"format-standard","5":"has-post-thumbnail","7":"category-principais-noticias","8":"tag-breaking-news","9":"tag-breakingnews","10":"tag-featured-news","11":"tag-featurednews","12":"tag-headlines","13":"tag-latest-news","14":"tag-latestnews","15":"tag-main-news","16":"tag-mainnews","17":"tag-news","18":"tag-noticias","19":"tag-noticias-principais","20":"tag-noticiasprincipais","21":"tag-portugal","22":"tag-principais-noticias","23":"tag-principaisnoticias","24":"tag-pt","25":"tag-top-stories","26":"tag-topstories","27":"tag-ultimas","28":"tag-ultimas-noticias","29":"tag-ultimasnoticias"},"share_on_mastodon":{"url":"https:\/\/pubeurope.com\/@pt\/115672995786878908","error":""},"_links":{"self":[{"href":"https:\/\/www.europesays.com\/pt\/wp-json\/wp\/v2\/posts\/177706","targetHints":{"allow":["GET"]}}],"collection":[{"href":"https:\/\/www.europesays.com\/pt\/wp-json\/wp\/v2\/posts"}],"about":[{"href":"https:\/\/www.europesays.com\/pt\/wp-json\/wp\/v2\/types\/post"}],"author":[{"embeddable":true,"href":"https:\/\/www.europesays.com\/pt\/wp-json\/wp\/v2\/users\/2"}],"replies":[{"embeddable":true,"href":"https:\/\/www.europesays.com\/pt\/wp-json\/wp\/v2\/comments?post=177706"}],"version-history":[{"count":0,"href":"https:\/\/www.europesays.com\/pt\/wp-json\/wp\/v2\/posts\/177706\/revisions"}],"wp:featuredmedia":[{"embeddable":true,"href":"https:\/\/www.europesays.com\/pt\/wp-json\/wp\/v2\/media\/177707"}],"wp:attachment":[{"href":"https:\/\/www.europesays.com\/pt\/wp-json\/wp\/v2\/media?parent=177706"}],"wp:term":[{"taxonomy":"category","embeddable":true,"href":"https:\/\/www.europesays.com\/pt\/wp-json\/wp\/v2\/categories?post=177706"},{"taxonomy":"post_tag","embeddable":true,"href":"https:\/\/www.europesays.com\/pt\/wp-json\/wp\/v2\/tags?post=177706"}],"curies":[{"name":"wp","href":"https:\/\/api.w.org\/{rel}","templated":true}]}}