{"id":177712,"date":"2025-12-06T14:16:07","date_gmt":"2025-12-06T14:16:07","guid":{"rendered":"https:\/\/www.europesays.com\/pt\/177712\/"},"modified":"2025-12-06T14:16:07","modified_gmt":"2025-12-06T14:16:07","slug":"barco-atingido-por-duplo-ataque-dos-eua-escoltava-navio-rumo-ao-suriname","status":"publish","type":"post","link":"https:\/\/www.europesays.com\/pt\/177712\/","title":{"rendered":"Barco atingido por duplo ataque dos EUA escoltava navio rumo ao Suriname"},"content":{"rendered":"<p data-remotead-prev-elm=\"true\" data-remotead-elm-id=\"inread\">De acordo com a emissora norte-americana, o almirante Frank Bradley disse, numa audi\u00eancia privada com duas comiss\u00f5es do Senado, a c\u00e2mara alta do parlamento, que a lancha navegava ao lado de um navio maior que seguia para o Suriname.<\/p>\n<p>Segundo fontes que pediram para n\u00e3o serem identificadas, Frank Bradley argumentou que, segundo os relat\u00f3rios dos servi\u00e7os de informa\u00e7\u00e3o, \u00e9 poss\u00edvel que o navio maior transportasse droga, que tinha como destino final os Estados Unidos.<\/p>\n<p>A Administra\u00e7\u00e3o do presidente Donald Trump e o secret\u00e1rio da Defesa, Pete Hegseth, est\u00e3o a enfrentar cr\u00edticas devido a esta opera\u00e7\u00e3o, em que 11 pessoas morreram. Na semana passada, o jornal &#8220;Washington Post&#8221; revelou que dois sobreviventes do primeiro ataque, que se agarravam \u00e0 embarca\u00e7\u00e3o em chamas, foram mortos num segundo ataque, autorizado por Hegseth.<\/p>\n<p data-remotead-prev-elm=\"true\" data-remotead-elm-id=\"centro1\">Na quinta-feira, o congressista democrata Jim Himes afirmou que o ataque matou &#8220;marinheiros n\u00e1ufragos&#8221; depois de ter assistido a um v\u00eddeo do Pent\u00e1gono exibido a membros do Congresso.<\/p>\n<p>Segundo Himes, o v\u00eddeo mostrava &#8220;dois indiv\u00edduos claramente em perigo, sem qualquer meio de transporte, que foram mortos pelos Estados Unidos&#8221;.<\/p>\n<p>De acordo com as for\u00e7as armadas, o barco foi atingido quatro vezes, a primeira das quais partindo-a ao meio, e mais tr\u00eas vezes, matando dois sobreviventes que tentavam agarrar-se a uma parte da embarca\u00e7\u00e3o antes de esta se afundar.<\/p>\n<p data-remotead-prev-elm=\"true\" data-remotead-elm-id=\"centro2\">O almirante Frank Bradley relatou que, antes do segundo ataque, os sobreviventes acenaram com um objeto no ar, mas n\u00e3o ficou claro se se estavam a render ou a pedir ajuda.<\/p>\n<p>Desde setembro que o ex\u00e9rcito norte-americano tem vindo a realizar pelo menos 22 ataques a\u00e9reos contra embarca\u00e7\u00f5es, principalmente no mar das Cara\u00edbas, que j\u00e1 mataram 87 pessoas, sem apresentar qualquer prova da sua liga\u00e7\u00e3o ao narcotr\u00e1fico.<\/p>\n<p>Esta semana, a fam\u00edlia de um pescador da Col\u00f4mbia denunciou uma poss\u00edvel &#8220;execu\u00e7\u00e3o extrajudicial&#8221; perante a Comiss\u00e3o Interamericana de Direitos Humanos durante outro ataque, no oceano Pac\u00edfico, em setembro.<\/p>\n<p data-remotead-prev-elm=\"true\" data-remotead-elm-id=\"centro3\">Os Estados Unidos realizaram na quinta-feira mais um ataque a\u00e9reo no Pac\u00edfico contra uma embarca\u00e7\u00e3o alegadamente utilizada por traficantes de droga, matando quatro pessoas, anunciou o Ex\u00e9rcito norte-americano.<\/p>\n<p>Trump disse na quarta-feira que as opera\u00e7\u00f5es militares em torno da Venezuela v\u00e3o &#8220;muito al\u00e9m&#8221; de uma campanha de press\u00e3o contra o presidente Nicol\u00e1s Maduro e insistiu que &#8220;em breve&#8221; poder\u00e3o come\u00e7ar opera\u00e7\u00f5es em terra semelhantes \u00e0s que t\u00eam sido realizadas em \u00e1guas internacionais.<\/p>\n","protected":false},"excerpt":{"rendered":"De acordo com a emissora norte-americana, o almirante Frank Bradley disse, numa audi\u00eancia privada com duas comiss\u00f5es do&hellip;\n","protected":false},"author":2,"featured_media":177713,"comment_status":"","ping_status":"","sticky":false,"template":"","format":"standard","meta":{"footnotes":""},"categories":[50],"tags":[27,28,413,15,16,14,25,26,21,22,62,12,13,19,20,23,24,17,18,2953,29,30,31,63,64,65],"class_list":{"0":"post-177712","1":"post","2":"type-post","3":"status-publish","4":"format-standard","5":"has-post-thumbnail","7":"category-mundo","8":"tag-breaking-news","9":"tag-breakingnews","10":"tag-eua","11":"tag-featured-news","12":"tag-featurednews","13":"tag-headlines","14":"tag-latest-news","15":"tag-latestnews","16":"tag-main-news","17":"tag-mainnews","18":"tag-mundo","19":"tag-news","20":"tag-noticias","21":"tag-noticias-principais","22":"tag-noticiasprincipais","23":"tag-principais-noticias","24":"tag-principaisnoticias","25":"tag-top-stories","26":"tag-topstories","27":"tag-trafico-de-droga","28":"tag-ultimas","29":"tag-ultimas-noticias","30":"tag-ultimasnoticias","31":"tag-world","32":"tag-world-news","33":"tag-worldnews"},"share_on_mastodon":{"url":"https:\/\/pubeurope.com\/@pt\/115673050983702635","error":""},"_links":{"self":[{"href":"https:\/\/www.europesays.com\/pt\/wp-json\/wp\/v2\/posts\/177712","targetHints":{"allow":["GET"]}}],"collection":[{"href":"https:\/\/www.europesays.com\/pt\/wp-json\/wp\/v2\/posts"}],"about":[{"href":"https:\/\/www.europesays.com\/pt\/wp-json\/wp\/v2\/types\/post"}],"author":[{"embeddable":true,"href":"https:\/\/www.europesays.com\/pt\/wp-json\/wp\/v2\/users\/2"}],"replies":[{"embeddable":true,"href":"https:\/\/www.europesays.com\/pt\/wp-json\/wp\/v2\/comments?post=177712"}],"version-history":[{"count":0,"href":"https:\/\/www.europesays.com\/pt\/wp-json\/wp\/v2\/posts\/177712\/revisions"}],"wp:featuredmedia":[{"embeddable":true,"href":"https:\/\/www.europesays.com\/pt\/wp-json\/wp\/v2\/media\/177713"}],"wp:attachment":[{"href":"https:\/\/www.europesays.com\/pt\/wp-json\/wp\/v2\/media?parent=177712"}],"wp:term":[{"taxonomy":"category","embeddable":true,"href":"https:\/\/www.europesays.com\/pt\/wp-json\/wp\/v2\/categories?post=177712"},{"taxonomy":"post_tag","embeddable":true,"href":"https:\/\/www.europesays.com\/pt\/wp-json\/wp\/v2\/tags?post=177712"}],"curies":[{"name":"wp","href":"https:\/\/api.w.org\/{rel}","templated":true}]}}