{"id":177716,"date":"2025-12-06T14:18:47","date_gmt":"2025-12-06T14:18:47","guid":{"rendered":"https:\/\/www.europesays.com\/pt\/177716\/"},"modified":"2025-12-06T14:18:47","modified_gmt":"2025-12-06T14:18:47","slug":"rede-montada-pelo-lider-de-grupo-de-trafico-de-pessoas-em-beja-continua-ativa","status":"publish","type":"post","link":"https:\/\/www.europesays.com\/pt\/177716\/","title":{"rendered":"Rede montada pelo l\u00edder de grupo de tr\u00e1fico de pessoas em Beja continua ativa"},"content":{"rendered":"<p>O segredo do \u2018polvo\u2019 montado pelo alegado cabecilha da organiza\u00e7\u00e3o criminosa de tr\u00e1fico de imigrantes desmantelada na \u00faltima semana pela PJ reside na vasta rede de contactos informais espalhados pela regi\u00e3o de Beja e que ter\u00e3o ajudado V\u00edtor M. a explorar centenas de pessoas durante os \u00faltimos tr\u00eas anos sem ser incomodado. Bastaria um novo telefonema do empres\u00e1rio, <a href=\"https:\/\/expresso.pt\/sociedade\/seguranca\/2025-11-28-militares-da-gnr-detidos-por-trafico-de-pessoas-ameacavam-e-agrediam-imigrantes-a-mando-do-lider-do-grupo-5c8acc74\" target=\"_blank\" rel=\"noopener noreferrer nofollow\">que foi agora detido<\/a>, para que toda a estrutura voltasse a ser acionada em pouco tempo.<\/p>\n<p><a href=\"https:\/\/expresso.pt\/subscrever?action=GEN&amp;channel=BAF&amp;type=CAP&amp;source=WEB&amp;returnUrl=https:\/\/expresso.pt\/sociedade\/2025-12-04-rede-montada-pelo-lider-de-grupo-de-trafico-de-pessoas-em-beja-continua-ativa-b45233d5&amp;utm_source=expresso&amp;utm_medium=locked_article&amp;locked=true&amp;article_id=8fcb9d15-5205-4a11-b4e8-09c508bc0e2a&amp;author_id=Hugo+Franco,Paulo+Barriga,Tiago+Miranda&amp;category=Sociedade\" target=\"_self\" class=\"\" rel=\"nofollow noopener\">Subscrever<\/a>J\u00e1 \u00e9 Subscritor?Fa\u00e7a login e continue a ler<a href=\"http:\/\/expresso.pt\/codigo?redirectUrl=https:\/\/expresso.pt\/sociedade\/2025-12-04-rede-montada-pelo-lider-de-grupo-de-trafico-de-pessoas-em-beja-continua-ativa-b45233d5\" target=\"_self\" class=\"\" rel=\"nofollow noopener\">Inserir C\u00f3digo<\/a>Comprou o Expresso?Insira o c\u00f3digo presente na Revista E para continuar a ler<\/p>\n","protected":false},"excerpt":{"rendered":"O segredo do \u2018polvo\u2019 montado pelo alegado cabecilha da organiza\u00e7\u00e3o criminosa de tr\u00e1fico de imigrantes desmantelada na \u00faltima&hellip;\n","protected":false},"author":2,"featured_media":177717,"comment_status":"","ping_status":"","sticky":false,"template":"","format":"standard","meta":{"footnotes":""},"categories":[8],"tags":[27,28,15,16,14,25,26,21,22,12,13,19,20,32,23,24,33,17,18,29,30,31],"class_list":{"0":"post-177716","1":"post","2":"type-post","3":"status-publish","4":"format-standard","5":"has-post-thumbnail","7":"category-principais-noticias","8":"tag-breaking-news","9":"tag-breakingnews","10":"tag-featured-news","11":"tag-featurednews","12":"tag-headlines","13":"tag-latest-news","14":"tag-latestnews","15":"tag-main-news","16":"tag-mainnews","17":"tag-news","18":"tag-noticias","19":"tag-noticias-principais","20":"tag-noticiasprincipais","21":"tag-portugal","22":"tag-principais-noticias","23":"tag-principaisnoticias","24":"tag-pt","25":"tag-top-stories","26":"tag-topstories","27":"tag-ultimas","28":"tag-ultimas-noticias","29":"tag-ultimasnoticias"},"share_on_mastodon":{"url":"https:\/\/pubeurope.com\/@pt\/115673062633452111","error":""},"_links":{"self":[{"href":"https:\/\/www.europesays.com\/pt\/wp-json\/wp\/v2\/posts\/177716","targetHints":{"allow":["GET"]}}],"collection":[{"href":"https:\/\/www.europesays.com\/pt\/wp-json\/wp\/v2\/posts"}],"about":[{"href":"https:\/\/www.europesays.com\/pt\/wp-json\/wp\/v2\/types\/post"}],"author":[{"embeddable":true,"href":"https:\/\/www.europesays.com\/pt\/wp-json\/wp\/v2\/users\/2"}],"replies":[{"embeddable":true,"href":"https:\/\/www.europesays.com\/pt\/wp-json\/wp\/v2\/comments?post=177716"}],"version-history":[{"count":0,"href":"https:\/\/www.europesays.com\/pt\/wp-json\/wp\/v2\/posts\/177716\/revisions"}],"wp:featuredmedia":[{"embeddable":true,"href":"https:\/\/www.europesays.com\/pt\/wp-json\/wp\/v2\/media\/177717"}],"wp:attachment":[{"href":"https:\/\/www.europesays.com\/pt\/wp-json\/wp\/v2\/media?parent=177716"}],"wp:term":[{"taxonomy":"category","embeddable":true,"href":"https:\/\/www.europesays.com\/pt\/wp-json\/wp\/v2\/categories?post=177716"},{"taxonomy":"post_tag","embeddable":true,"href":"https:\/\/www.europesays.com\/pt\/wp-json\/wp\/v2\/tags?post=177716"}],"curies":[{"name":"wp","href":"https:\/\/api.w.org\/{rel}","templated":true}]}}