{"id":177726,"date":"2025-12-06T14:33:42","date_gmt":"2025-12-06T14:33:42","guid":{"rendered":"https:\/\/www.europesays.com\/pt\/177726\/"},"modified":"2025-12-06T14:33:42","modified_gmt":"2025-12-06T14:33:42","slug":"sporting-derrotado-no-andebol-em-jogo-que-promete-gerar-polemica","status":"publish","type":"post","link":"https:\/\/www.europesays.com\/pt\/177726\/","title":{"rendered":"Sporting derrotado no Andebol em jogo que promete gerar pol\u00e9mica"},"content":{"rendered":"<p>&#8211; Advertisement &#8211;<\/p>\n<p><strong>O Sporting foi derrotado esta quinta-feira pelo Veszpr\u00e9m, num encontro em que a arbitragem tem sido criticada.<\/strong><\/p>\n<p>O Sporting saiu derrotado da partida frente ao Veszpr\u00e9m por 32-31, num encontro relativo \u00e0 Champions League de Andebol. A arbitragem da partida est\u00e1 a ser criticada, com uma s\u00e9rie de decis\u00f5es nos \u00faltimo minuto question\u00e1veis, que permitiu aos h\u00fangaros darem a volta ao marcador.<\/p>\n<p>Orri Thorkelsson, com oito golos, e Martim Costa, que contou com seis tentos, foram os destaques do conjunto do Jo\u00e3o Rocha, tal como o guarda-redes Mohamed Aly.<\/p>\n<p>O Sporting est\u00e1 assim no quarto posto do Grupo A, em zona de apuramento para os oitavos de final. O Veszpr\u00e9m \u00e9 terceiro.<\/p>\n","protected":false},"excerpt":{"rendered":"&#8211; Advertisement &#8211; O Sporting foi derrotado esta quinta-feira pelo Veszpr\u00e9m, num encontro em que a arbitragem tem&hellip;\n","protected":false},"author":2,"featured_media":177727,"comment_status":"","ping_status":"","sticky":false,"template":"","format":"standard","meta":{"footnotes":""},"categories":[8],"tags":[2693,260,27,28,15,16,14,25,26,21,22,12,13,19,20,32,23,24,33,34,17,18,29,30,31,36716],"class_list":{"0":"post-177726","1":"post","2":"type-post","3":"status-publish","4":"format-standard","5":"has-post-thumbnail","7":"category-principais-noticias","8":"tag-andebol","9":"tag-atualidade","10":"tag-breaking-news","11":"tag-breakingnews","12":"tag-featured-news","13":"tag-featurednews","14":"tag-headlines","15":"tag-latest-news","16":"tag-latestnews","17":"tag-main-news","18":"tag-mainnews","19":"tag-news","20":"tag-noticias","21":"tag-noticias-principais","22":"tag-noticiasprincipais","23":"tag-portugal","24":"tag-principais-noticias","25":"tag-principaisnoticias","26":"tag-pt","27":"tag-sporting","28":"tag-top-stories","29":"tag-topstories","30":"tag-ultimas","31":"tag-ultimas-noticias","32":"tag-ultimasnoticias","33":"tag-veszprem"},"share_on_mastodon":{"url":"https:\/\/pubeurope.com\/@pt\/115673117690175645","error":""},"_links":{"self":[{"href":"https:\/\/www.europesays.com\/pt\/wp-json\/wp\/v2\/posts\/177726","targetHints":{"allow":["GET"]}}],"collection":[{"href":"https:\/\/www.europesays.com\/pt\/wp-json\/wp\/v2\/posts"}],"about":[{"href":"https:\/\/www.europesays.com\/pt\/wp-json\/wp\/v2\/types\/post"}],"author":[{"embeddable":true,"href":"https:\/\/www.europesays.com\/pt\/wp-json\/wp\/v2\/users\/2"}],"replies":[{"embeddable":true,"href":"https:\/\/www.europesays.com\/pt\/wp-json\/wp\/v2\/comments?post=177726"}],"version-history":[{"count":0,"href":"https:\/\/www.europesays.com\/pt\/wp-json\/wp\/v2\/posts\/177726\/revisions"}],"wp:featuredmedia":[{"embeddable":true,"href":"https:\/\/www.europesays.com\/pt\/wp-json\/wp\/v2\/media\/177727"}],"wp:attachment":[{"href":"https:\/\/www.europesays.com\/pt\/wp-json\/wp\/v2\/media?parent=177726"}],"wp:term":[{"taxonomy":"category","embeddable":true,"href":"https:\/\/www.europesays.com\/pt\/wp-json\/wp\/v2\/categories?post=177726"},{"taxonomy":"post_tag","embeddable":true,"href":"https:\/\/www.europesays.com\/pt\/wp-json\/wp\/v2\/tags?post=177726"}],"curies":[{"name":"wp","href":"https:\/\/api.w.org\/{rel}","templated":true}]}}