{"id":177734,"date":"2025-12-06T14:44:07","date_gmt":"2025-12-06T14:44:07","guid":{"rendered":"https:\/\/www.europesays.com\/pt\/177734\/"},"modified":"2025-12-06T14:44:07","modified_gmt":"2025-12-06T14:44:07","slug":"samsung-prepara-evento-de-apresentacao-de-novidades-com-foco-na-casa-inteligente-e-no-galaxy-z-trifold","status":"publish","type":"post","link":"https:\/\/www.europesays.com\/pt\/177734\/","title":{"rendered":"Samsung prepara evento de apresenta\u00e7\u00e3o de novidades, com foco na casa inteligente e no Galaxy Z TriFold"},"content":{"rendered":"<p>&#8211; Publicidade &#8211;<\/p>\n<p><strong>O novo evento chamado The First Look 2026, acontece em janeiro e dever\u00e1 assinalar a estreia do novo dobr\u00e1vel nos EUA e apresentar desenvolvimentos para tecnologia dom\u00e9stica.<\/strong><\/p>\n<p>A <strong>Samsung<\/strong> <a href=\"https:\/\/news.samsung.com\/global\/invitation-samsung-event-at-ces-2026-the-first-look\" target=\"_blank\" rel=\"noopener external noreferrer nofollow\" data-wpel-link=\"external\">marcou o seu primeiro evento de 2026<\/a> para 4 de janeiro, no Wynn Las Vegas. Trata-se da confer\u00eancia chamada \u201c<strong>The First Look 2026<\/strong>\u201d dever\u00e1 focar-se em novidades e solu\u00e7\u00f5es para casas inteligentes e na apresenta\u00e7\u00e3o do <strong><a href=\"https:\/\/echoboomer.pt\/samsung-anuncia-galaxy-z-trifold-39mm-espessura\/\" data-wpel-link=\"internal\" target=\"_self\" rel=\"follow nofollow noopener\">Galaxy Z TriFold<\/a><\/strong> no mercado norte-americano.<\/p>\n<p>Durante a conferencia, a Samsung dever\u00e1, assim, mostrar dispositivos e funcionalidades pensadas para tornar o ambiente dom\u00e9stico mais integrado e para facilitar tarefas do dia a dia. J\u00e1 sobre o Galaxy Z TriFold, o novo dobr\u00e1vel da marca, dever\u00e1 receber detalhes como pre\u00e7o e data de lan\u00e7amento nos Estados Unidos poder\u00e1 refor\u00e7ar a visibilidade deste formato.<\/p>\n<p>A Samsung n\u00e3o divulgou, para j\u00e1, muitos detalhes sobre esta apresenta\u00e7\u00e3o, esperando-se mais informa\u00e7\u00f5es \u00e0 medida que se aproxima a data do evento, que ir\u00e1 coincidir com a <strong>CES 2026<\/strong>, tamb\u00e9m em Las Vegas.<\/p>\n","protected":false},"excerpt":{"rendered":"&#8211; Publicidade &#8211; O novo evento chamado The First Look 2026, acontece em janeiro e dever\u00e1 assinalar a&hellip;\n","protected":false},"author":2,"featured_media":177735,"comment_status":"","ping_status":"","sticky":false,"template":"","format":"standard","meta":{"footnotes":""},"categories":[84],"tags":[109,107,108,32,33,105,103,104,106,110],"class_list":{"0":"post-177734","1":"post","2":"type-post","3":"status-publish","4":"format-standard","5":"has-post-thumbnail","7":"category-ciencia-e-tecnologia","8":"tag-ciencia","9":"tag-ciencia-e-tecnologia","10":"tag-cienciaetecnologia","11":"tag-portugal","12":"tag-pt","13":"tag-science","14":"tag-science-and-technology","15":"tag-scienceandtechnology","16":"tag-technology","17":"tag-tecnologia"},"share_on_mastodon":{"url":"https:\/\/pubeurope.com\/@pt\/115673160927546143","error":""},"_links":{"self":[{"href":"https:\/\/www.europesays.com\/pt\/wp-json\/wp\/v2\/posts\/177734","targetHints":{"allow":["GET"]}}],"collection":[{"href":"https:\/\/www.europesays.com\/pt\/wp-json\/wp\/v2\/posts"}],"about":[{"href":"https:\/\/www.europesays.com\/pt\/wp-json\/wp\/v2\/types\/post"}],"author":[{"embeddable":true,"href":"https:\/\/www.europesays.com\/pt\/wp-json\/wp\/v2\/users\/2"}],"replies":[{"embeddable":true,"href":"https:\/\/www.europesays.com\/pt\/wp-json\/wp\/v2\/comments?post=177734"}],"version-history":[{"count":0,"href":"https:\/\/www.europesays.com\/pt\/wp-json\/wp\/v2\/posts\/177734\/revisions"}],"wp:featuredmedia":[{"embeddable":true,"href":"https:\/\/www.europesays.com\/pt\/wp-json\/wp\/v2\/media\/177735"}],"wp:attachment":[{"href":"https:\/\/www.europesays.com\/pt\/wp-json\/wp\/v2\/media?parent=177734"}],"wp:term":[{"taxonomy":"category","embeddable":true,"href":"https:\/\/www.europesays.com\/pt\/wp-json\/wp\/v2\/categories?post=177734"},{"taxonomy":"post_tag","embeddable":true,"href":"https:\/\/www.europesays.com\/pt\/wp-json\/wp\/v2\/tags?post=177734"}],"curies":[{"name":"wp","href":"https:\/\/api.w.org\/{rel}","templated":true}]}}