{"id":177736,"date":"2025-12-06T14:46:07","date_gmt":"2025-12-06T14:46:07","guid":{"rendered":"https:\/\/www.europesays.com\/pt\/177736\/"},"modified":"2025-12-06T14:46:07","modified_gmt":"2025-12-06T14:46:07","slug":"opositora-venezuelana-maria-corina-machado-estara-em-oslo-para-receber-o-nobel-da-paz","status":"publish","type":"post","link":"https:\/\/www.europesays.com\/pt\/177736\/","title":{"rendered":"Opositora venezuelana Mar\u00eda Corina Machado estar\u00e1 em Oslo para receber o Nobel da Paz"},"content":{"rendered":"<p data-remotead-prev-elm=\"true\" data-remotead-elm-id=\"inread\">&#8220;Estive em contato com a senhora Machado esta noite e ela confirmou que estar\u00e1 em Oslo para a cerim\u00f3nia&#8221;, afirmou Kristian Berg Harpviken.<\/p>\n<p>&#8220;Devido \u00e0 situa\u00e7\u00e3o de seguran\u00e7a, n\u00e3o podemos dar mais detalhes sobre a data e a forma como vir\u00e1&#8221;, acrescentou numa mensagem \u00e0 AFP.<\/p>\n<p>A entrega do Nobel da Paz realiza-se a 10 de dezembro, data que assinala o anivers\u00e1rio da morte do fundador, o qu\u00edmico, engenheiro e industrial sueco Alfred Nobel.<\/p>\n<blockquote data-type=\"articles\" data-id=\"related-article-18007225\"><p>\n              <strong>Leia tamb\u00e9m <\/strong><br \/>\n              <a href=\"https:\/\/www.jn.pt\/mundo\/artigo\/da-defesa-da-democracia-a-vida-na-clandestinidade-quem-e-a-opositora-maria-corina-machado\/18007225\" rel=\"nofollow noopener\" target=\"_blank\">Da defesa da democracia \u00e0 vida na clandestinidade: quem \u00e9 a opositora Mar\u00eda Corina Machado<\/a>\n            <\/p><\/blockquote>\n","protected":false},"excerpt":{"rendered":"&#8220;Estive em contato com a senhora Machado esta noite e ela confirmou que estar\u00e1 em Oslo para a&hellip;\n","protected":false},"author":2,"featured_media":177737,"comment_status":"","ping_status":"","sticky":false,"template":"","format":"standard","meta":{"footnotes":""},"categories":[50],"tags":[27,28,15,16,14,25,26,21,22,29493,62,12,24802,13,19,20,23,24,17,18,29,30,31,3023,63,64,65],"class_list":{"0":"post-177736","1":"post","2":"type-post","3":"status-publish","4":"format-standard","5":"has-post-thumbnail","7":"category-mundo","8":"tag-breaking-news","9":"tag-breakingnews","10":"tag-featured-news","11":"tag-featurednews","12":"tag-headlines","13":"tag-latest-news","14":"tag-latestnews","15":"tag-main-news","16":"tag-mainnews","17":"tag-maria-corina-machado","18":"tag-mundo","19":"tag-news","20":"tag-nobel-da-paz","21":"tag-noticias","22":"tag-noticias-principais","23":"tag-noticiasprincipais","24":"tag-principais-noticias","25":"tag-principaisnoticias","26":"tag-top-stories","27":"tag-topstories","28":"tag-ultimas","29":"tag-ultimas-noticias","30":"tag-ultimasnoticias","31":"tag-venezuela","32":"tag-world","33":"tag-world-news","34":"tag-worldnews"},"share_on_mastodon":{"url":"https:\/\/pubeurope.com\/@pt\/115673168828945263","error":""},"_links":{"self":[{"href":"https:\/\/www.europesays.com\/pt\/wp-json\/wp\/v2\/posts\/177736","targetHints":{"allow":["GET"]}}],"collection":[{"href":"https:\/\/www.europesays.com\/pt\/wp-json\/wp\/v2\/posts"}],"about":[{"href":"https:\/\/www.europesays.com\/pt\/wp-json\/wp\/v2\/types\/post"}],"author":[{"embeddable":true,"href":"https:\/\/www.europesays.com\/pt\/wp-json\/wp\/v2\/users\/2"}],"replies":[{"embeddable":true,"href":"https:\/\/www.europesays.com\/pt\/wp-json\/wp\/v2\/comments?post=177736"}],"version-history":[{"count":0,"href":"https:\/\/www.europesays.com\/pt\/wp-json\/wp\/v2\/posts\/177736\/revisions"}],"wp:featuredmedia":[{"embeddable":true,"href":"https:\/\/www.europesays.com\/pt\/wp-json\/wp\/v2\/media\/177737"}],"wp:attachment":[{"href":"https:\/\/www.europesays.com\/pt\/wp-json\/wp\/v2\/media?parent=177736"}],"wp:term":[{"taxonomy":"category","embeddable":true,"href":"https:\/\/www.europesays.com\/pt\/wp-json\/wp\/v2\/categories?post=177736"},{"taxonomy":"post_tag","embeddable":true,"href":"https:\/\/www.europesays.com\/pt\/wp-json\/wp\/v2\/tags?post=177736"}],"curies":[{"name":"wp","href":"https:\/\/api.w.org\/{rel}","templated":true}]}}