{"id":177748,"date":"2025-12-06T15:02:09","date_gmt":"2025-12-06T15:02:09","guid":{"rendered":"https:\/\/www.europesays.com\/pt\/177748\/"},"modified":"2025-12-06T15:02:09","modified_gmt":"2025-12-06T15:02:09","slug":"a-greve-quem-a-pode-convocar-e-quem-esta-abrangido-perguntas-e-respostas-jornaleconomico-sapo-pt","status":"publish","type":"post","link":"https:\/\/www.europesays.com\/pt\/177748\/","title":{"rendered":"A greve, quem a pode convocar e quem est\u00e1 abrangido: perguntas e respostas &#8211; jornaleconomico.sapo.pt"},"content":{"rendered":"<ol>\n<li><a href=\"https:\/\/news.google.com\/rss\/articles\/CBMitAFBVV95cUxQS0R5dE42XzVLV3dISEpnU25sT29xcGdyTDlrczA3dk80cEs2dlVtMUZXRTRNZnVKUWhKZC16MXFoRW9lOU1NV1NWbTdsejNLTGo1VmxySnM0cTZpc1NnUTB3dE9qSTlMQ21LbHpWTjM3OGdsOUxCTll0TElfSEZxa2lqY2JVa2JHSVlVOF8yNW5YTEg4aHdYNVFmbU41NmNIZDBoTFdiOXJvQ19DR09XSzhyTVI?oc=5\" target=\"_blank\" rel=\"nofollow noopener\">A greve, quem a pode convocar e quem est\u00e1 abrangido: perguntas e respostas<\/a>&nbsp;&nbsp;jornaleconomico.sapo.pt<\/li>\n<li><a href=\"https:\/\/news.google.com\/rss\/articles\/CBMizwFBVV95cUxQeUMtVVdPeTJDcVpyd2RGRzVUa0ZLYVZ6S0RrUEk2enhsSHZuMWpYR2swcEFMbGN5Q3ZNUFhQZ3VhM19IU2lhcHpwUHNyUWp0TFFVS2pxX3R3OE1ad3VHdjBqUlB3VmNlczNTUmFCSGdyWl9CSTRXTXM2UmdsajZUQXlDZXNyZW9feHJJTlFBT2dVa0NZOWFCOWEzUE52cExlSFhKN3pYZHNoaV9RekJldDZpQ1VBQzdRWWozT09JNGNHTE9UWGJFUEZNWGpFY0k?oc=5\" target=\"_blank\" rel=\"nofollow noopener\">Greve Geral CGTP: Servi\u00e7os M\u00ednimos Garantidos e Forte Impacto na Sa\u00fade, Educa\u00e7\u00e3o e Transportes<\/a>&nbsp;&nbsp;Di\u00e1rio de Not\u00edcias<\/li>\n<li><a href=\"https:\/\/news.google.com\/rss\/articles\/CBMiugFBVV95cUxPZjd3WFBRaWxaMmx5NWRSWEszRzVWUE8wNExMdVJQNnFMQUd0bVdURzctMF9JVUxHbVRCVjEzUUdINFY0WTRqNkplOVJ3cDhZT1BBWUN0LXY0YkY5RUx2RUFQQk5DQ1dxR1BhUG1ZdzJtQmUzTlNaMUtyZmlERTI1TndOeHFGc0ZfaThKdHBxenA1MzBRdnp1M0t5Yy1BcDN5V3ZJVTdRdjJfQ01MTlZTSHpNY2x2YkRRelE?oc=5\" target=\"_blank\" rel=\"nofollow noopener\">Greve geral. Sindicatos banc\u00e1rios da UGT acionam fundo de greve para compensar s\u00f3cios<\/a>&nbsp;&nbsp;Observador<\/li>\n<li><a href=\"https:\/\/news.google.com\/rss\/articles\/CBMivgFBVV95cUxPNm9TZ2dWcTFSSDJNSEhmek1SQnBQak5taGx6TG9KZFFUNUFra1RBV00yRHc0YTl5cC04OTNNbEc0SnFUS2FibFZYUDVudGs2UTI2WjFyZHh3NnpIMkF6NnByVU5sN3pQUGdGckZBUUFpOTBXTUQtV25aZzJyS0Q1aExBZEpVemZOUjFvLWNGdVgyWE5PUWRvQWF3Um10c3RGQ1F4ZmJKRGowUjUwbGRyRjVmWjQ3YUMtQk16ekd3?oc=5\" target=\"_blank\" rel=\"nofollow noopener\">FNAM exige ao Governo fim do bloqueio negocial e apela \u00e0 participa\u00e7\u00e3o na greve<\/a>&nbsp;&nbsp;RTP<\/li>\n<li><a href=\"https:\/\/news.google.com\/rss\/articles\/CBMisAFBVV95cUxOY0ZKcW1vMWtZUHVUVlgtUGhlTmFsUzFkVUhmeWU4Y2dWcW5fVlZvUEI2bWFjdWVMSHVGQzhIWXFNV3NYcDBBU29iOVltWVNKZzVVQndDLVBTY2I4ekd1VFBNMHlfUklFamg4MkI1LTI3T0dzODZoTTdUU2lTMmVIdDBVd3ZPbDZ6emRybU9nbWUtejJDNDljT3FrQ0RlZnBZWE9EaF8yVWNDTEI2OHdvcQ?oc=5\" target=\"_blank\" rel=\"nofollow noopener\">Jos\u00e9 Moreira: \u201cUnidade na a\u00e7\u00e3o \u00e9 decisiva para parar a contrarreforma laboral\u201d<\/a>&nbsp;&nbsp;Esquerda.net<\/li>\n<\/ol>\n","protected":false},"excerpt":{"rendered":"A greve, quem a pode convocar e quem est\u00e1 abrangido: perguntas e respostas&nbsp;&nbsp;jornaleconomico.sapo.pt Greve Geral CGTP: Servi\u00e7os M\u00ednimos&hellip;\n","protected":false},"author":2,"featured_media":177749,"comment_status":"","ping_status":"","sticky":false,"template":"","format":"standard","meta":{"footnotes":""},"categories":[8],"tags":[27,28,12183,15,16,31789,14,25,26,21,22,12,13,19,20,32,23,24,33,17,18,31790,29,30,31],"class_list":{"0":"post-177748","1":"post","2":"type-post","3":"status-publish","4":"format-standard","5":"has-post-thumbnail","7":"category-principais-noticias","8":"tag-breaking-news","9":"tag-breakingnews","10":"tag-cgtp","11":"tag-featured-news","12":"tag-featurednews","13":"tag-greve-geral","14":"tag-headlines","15":"tag-latest-news","16":"tag-latestnews","17":"tag-main-news","18":"tag-mainnews","19":"tag-news","20":"tag-noticias","21":"tag-noticias-principais","22":"tag-noticiasprincipais","23":"tag-portugal","24":"tag-principais-noticias","25":"tag-principaisnoticias","26":"tag-pt","27":"tag-top-stories","28":"tag-topstories","29":"tag-ugt","30":"tag-ultimas","31":"tag-ultimas-noticias","32":"tag-ultimasnoticias"},"share_on_mastodon":{"url":"https:\/\/pubeurope.com\/@pt\/115673231925294122","error":""},"_links":{"self":[{"href":"https:\/\/www.europesays.com\/pt\/wp-json\/wp\/v2\/posts\/177748","targetHints":{"allow":["GET"]}}],"collection":[{"href":"https:\/\/www.europesays.com\/pt\/wp-json\/wp\/v2\/posts"}],"about":[{"href":"https:\/\/www.europesays.com\/pt\/wp-json\/wp\/v2\/types\/post"}],"author":[{"embeddable":true,"href":"https:\/\/www.europesays.com\/pt\/wp-json\/wp\/v2\/users\/2"}],"replies":[{"embeddable":true,"href":"https:\/\/www.europesays.com\/pt\/wp-json\/wp\/v2\/comments?post=177748"}],"version-history":[{"count":0,"href":"https:\/\/www.europesays.com\/pt\/wp-json\/wp\/v2\/posts\/177748\/revisions"}],"wp:featuredmedia":[{"embeddable":true,"href":"https:\/\/www.europesays.com\/pt\/wp-json\/wp\/v2\/media\/177749"}],"wp:attachment":[{"href":"https:\/\/www.europesays.com\/pt\/wp-json\/wp\/v2\/media?parent=177748"}],"wp:term":[{"taxonomy":"category","embeddable":true,"href":"https:\/\/www.europesays.com\/pt\/wp-json\/wp\/v2\/categories?post=177748"},{"taxonomy":"post_tag","embeddable":true,"href":"https:\/\/www.europesays.com\/pt\/wp-json\/wp\/v2\/tags?post=177748"}],"curies":[{"name":"wp","href":"https:\/\/api.w.org\/{rel}","templated":true}]}}