{"id":177750,"date":"2025-12-06T15:03:17","date_gmt":"2025-12-06T15:03:17","guid":{"rendered":"https:\/\/www.europesays.com\/pt\/177750\/"},"modified":"2025-12-06T15:03:17","modified_gmt":"2025-12-06T15:03:17","slug":"ex-atriz-da-globo-apontada-como-irma-de-clodovil-morreu-ha-quatro-anos-apos-mal-subito","status":"publish","type":"post","link":"https:\/\/www.europesays.com\/pt\/177750\/","title":{"rendered":"Ex-atriz da Globo apontada como irm\u00e3 de Clodovil morreu h\u00e1 quatro anos ap\u00f3s mal s\u00fabito"},"content":{"rendered":"<p>H\u00e1 exatos quatro anos, o Brasil se despedia de <strong>Mila Moreira<\/strong> (1946-2021), uma das pioneiras entre modelos que migraram para a teledramaturgia. A atriz, que marcou a TV Globo em novelas como Plumas e Paet\u00eas (1980), Elas Por Elas (1982) e Anjo Mau (1997)\u00a0 morreu em 6 de dezembro de 2021, aos 75 anos, ap\u00f3s um mal s\u00fabito que a levou \u00e0 interna\u00e7\u00e3o no Rio de Janeiro.<\/p>\n<p>Inicialmente, a causa da morte n\u00e3o havia sido divulgada. Horas depois, a amiga <strong>Lilia Cabral<\/strong> (68) lamentou a perda e explicou que Mila havia sido <a href=\"https:\/\/caras.com.br\/atualidades\/aos-75-anos-morre-a-atriz-mila-moreira.phtml\" rel=\"nofollow noopener\" target=\"_blank\">v\u00edtima de um mal s\u00fabito<\/a>. Mais tarde, a <strong>Globo<\/strong> confirmou que a atriz sofreu uma parada card\u00edaca decorrente de uma gastroenterite. O corpo foi cremado no Rio de Janeiro.<\/p>\n<p>A gastroenterite, popularmente conhecida como virose, provoca v\u00f4mitos, diarreia, n\u00e1useas e febre. Apesar de geralmente ser tratada como uma doen\u00e7a simples, a perda intensa de l\u00edquidos e eletr\u00f3litos pode causar quadros graves, principalmente em idosos. A desidrata\u00e7\u00e3o altera a quantidade de minerais essenciais para o corpo, como o pot\u00e1ssio, elemento fundamental para o funcionamento muscular e card\u00edaco. Em casos extremos, essa altera\u00e7\u00e3o pode desencadear arritmias e levar \u00e0 parada card\u00edaca, o que ocorreu com Mila Moreira.<\/p>\n<p> <img loading=\"lazy\" decoding=\"async\" class=\"size-full wp-image-983358 img-fluid lazy\" alt=\"Mila Moreira foi Dorinha em Plumas e Paet\u00eas - Foto: Globo\" width=\"1920\" height=\"1080\" src=\"https:\/\/www.europesays.com\/pt\/wp-content\/uploads\/2025\/12\/mila-moreira-em-plumas-e-paetes-como-dorinha-foto-globo.jpg\"\/>Mila Moreira foi Dorinha em Plumas e Paet\u00eas \u2013 Foto: Globo Liga\u00e7\u00e3o com Clodovil <\/p>\n<p>Al\u00e9m da carreira s\u00f3lida na televis\u00e3o, Mila tamb\u00e9m teve a vida marcada por um boato que veio \u00e0 tona ap\u00f3s sua morte. Nas redes sociais, o jornalista Fernando Poffo afirmou que a atriz seria irm\u00e3 do estilista e apresentador <strong>Clodovil Hernandes<\/strong> (1937-2009). Segundo ele, o pai de Mila teria tido um filho fora do casamento com uma camareira de um de seus hot\u00e9is em S\u00e3o Paulo, crian\u00e7a que mais tarde seria entregue \u00e0 ado\u00e7\u00e3o e criada pela fam\u00edlia Hernandez.<\/p>\n<p>Poffo relata que Mila e Clodovil sabiam do parentesco e mantinham n\u00e3o apenas contato, mas tamb\u00e9m uma parceria profissional desde o per\u00edodo em que trabalharam como modelos. O apresentador, inclusive, teria se referido a Mila como \u201cirm\u00e3\u201d algumas vezes, embora sem revelar o contexto real, como parte de um \u201cacordo silencioso\u201d entre ambos.<\/p>\n<p>\u201cEra um joguete deles para manter o segredo e viverem de boas como bons irm\u00e3os e parceiros\u201d, afirmou o jornalista.<\/p>\n<p><strong>Relembre a participa\u00e7\u00e3o de Mila Moreira na CARAS Brasil:<\/strong><\/p>\n","protected":false},"excerpt":{"rendered":"H\u00e1 exatos quatro anos, o Brasil se despedia de Mila Moreira (1946-2021), uma das pioneiras entre modelos que&hellip;\n","protected":false},"author":2,"featured_media":177751,"comment_status":"","ping_status":"","sticky":false,"template":"","format":"standard","meta":{"footnotes":""},"categories":[145],"tags":[211,210,13461,114,115,981,753,36717,1437,32,33],"class_list":{"0":"post-177750","1":"post","2":"type-post","3":"status-publish","4":"format-standard","5":"has-post-thumbnail","7":"category-celebridades","8":"tag-celebridades","9":"tag-celebrities","10":"tag-clodovil","11":"tag-entertainment","12":"tag-entretenimento","13":"tag-familia","14":"tag-globo","15":"tag-mila-moreira","16":"tag-morte","17":"tag-portugal","18":"tag-pt"},"share_on_mastodon":{"url":"https:\/\/pubeurope.com\/@pt\/115673235930071922","error":""},"_links":{"self":[{"href":"https:\/\/www.europesays.com\/pt\/wp-json\/wp\/v2\/posts\/177750","targetHints":{"allow":["GET"]}}],"collection":[{"href":"https:\/\/www.europesays.com\/pt\/wp-json\/wp\/v2\/posts"}],"about":[{"href":"https:\/\/www.europesays.com\/pt\/wp-json\/wp\/v2\/types\/post"}],"author":[{"embeddable":true,"href":"https:\/\/www.europesays.com\/pt\/wp-json\/wp\/v2\/users\/2"}],"replies":[{"embeddable":true,"href":"https:\/\/www.europesays.com\/pt\/wp-json\/wp\/v2\/comments?post=177750"}],"version-history":[{"count":0,"href":"https:\/\/www.europesays.com\/pt\/wp-json\/wp\/v2\/posts\/177750\/revisions"}],"wp:featuredmedia":[{"embeddable":true,"href":"https:\/\/www.europesays.com\/pt\/wp-json\/wp\/v2\/media\/177751"}],"wp:attachment":[{"href":"https:\/\/www.europesays.com\/pt\/wp-json\/wp\/v2\/media?parent=177750"}],"wp:term":[{"taxonomy":"category","embeddable":true,"href":"https:\/\/www.europesays.com\/pt\/wp-json\/wp\/v2\/categories?post=177750"},{"taxonomy":"post_tag","embeddable":true,"href":"https:\/\/www.europesays.com\/pt\/wp-json\/wp\/v2\/tags?post=177750"}],"curies":[{"name":"wp","href":"https:\/\/api.w.org\/{rel}","templated":true}]}}