{"id":177756,"date":"2025-12-06T15:12:12","date_gmt":"2025-12-06T15:12:12","guid":{"rendered":"https:\/\/www.europesays.com\/pt\/177756\/"},"modified":"2025-12-06T15:12:12","modified_gmt":"2025-12-06T15:12:12","slug":"iphone-fold-apple-planeia-remover-a-gaveta-do-cartao-sim-no-seu-primeiro-dobravel","status":"publish","type":"post","link":"https:\/\/www.europesays.com\/pt\/177756\/","title":{"rendered":"iPhone Fold: Apple planeia remover a gaveta do cart\u00e3o SIM no seu primeiro dobr\u00e1vel"},"content":{"rendered":"<p style=\"text-align:center\"><img decoding=\"async\" alt=\"esim logo\" height=\"343\" src=\"https:\/\/www.europesays.com\/pt\/wp-content\/uploads\/2025\/12\/tugatech-2167-41900.jpg\" width=\"600\" fetchpriority=\"high\"\/><\/p>\n<p>\u00a0<\/p>\n<p>A introdu\u00e7\u00e3o do <strong><a href=\"https:\/\/tugatech.com.pt\/t74909-fracasso-de-vendas-do-iphone-air-leva-rivais-a-cancelar-telemoveis-ultrafinos\" rel=\"noopener nofollow\" target=\"_blank\">iPhone Air<\/a><\/strong> este ano trouxe uma nova tend\u00eancia de design para a linha de smartphones da Apple, focada na redu\u00e7\u00e3o da espessura. O modelo mais fino da marca eliminou totalmente a gaveta do cart\u00e3o SIM, sendo lan\u00e7ado como um dispositivo exclusivamente eSIM em todos os mercados internacionais. Agora, surgem rumores de que o aguardado iPhone Fold, previsto para 2026, adotar\u00e1 exatamente a mesma abordagem.<\/p>\n<p>\u00a0<\/p>\n<p>Segundo informa\u00e7\u00f5es avan\u00e7adas pelo leaker <strong><a href=\"https:\/\/weibo.com\/5143897135\/QgSovlgv6\" rel=\"noopener nofollow\" target=\"_blank\">Instant Digital<\/a><\/strong> na rede social Weibo, a Apple planeia lan\u00e7ar o seu primeiro iPhone dobr\u00e1vel como um dispositivo &#8220;apenas eSIM&#8221;, removendo o suporte para cart\u00f5es f\u00edsicos. Esta n\u00e3o \u00e9 a primeira vez que ouvimos relatos de que o dobr\u00e1vel da gigante tecnol\u00f3gica poder\u00e1 seguir o caminho minimalista tra\u00e7ado pelo modelo Air.<\/p>\n<p>\u00a0<\/p>\n<p>Anteriormente, Mark Gurman, da Bloomberg, j\u00e1 havia reportado que o futuro iPhone Fold ser\u00e1 um dispositivo &#8220;superfino&#8221;, assemelhando-se essencialmente a duas unidades do iPhone Air colocadas lado a lado. O analista Ming-Chi Kuo refor\u00e7ou esta ideia em janeiro, sugerindo uma consist\u00eancia na nova linguagem de design da <strong><a href=\"https:\/\/tugatech.com.pt\/t75214-iphone-16-mantem-a-lideranca-e-apple-domina-vendas-globais-no-terceiro-trimestre-de-2025\" rel=\"noopener nofollow\" target=\"_blank\">Apple<\/a><\/strong>.<\/p>\n<p>Em busca da espessura m\u00ednima<\/p>\n<p>A remo\u00e7\u00e3o da gaveta do cart\u00e3o SIM pode ser um passo crucial para ajudar a Apple a tornar o dispositivo mais fino e leve, um objetivo que a empresa parece estar a perseguir ativamente para as suas futuras gera\u00e7\u00f5es de smartphones. No entanto, esta mudan\u00e7a de engenharia acarreta desvantagens para o consumidor, incluindo um suporte global ao eSIM que ainda \u00e9 limitado em algumas regi\u00f5es e uma experi\u00eancia potencialmente mais complicada ao trocar de equipamento.<\/p>\n<p>O desafio do mercado chin\u00eas<\/p>\n<p>Esta decis\u00e3o poder\u00e1 representar um desafio significativo para a Apple na China continental, uma regi\u00e3o onde a empresa espera vender a maioria dos seus iPhones dobr\u00e1veis. Na <strong><a href=\"https:\/\/tugatech.com.pt\/t75257-china-surpreende-com-robo-de-combate-controlado-por-movimentos-ao-estilo-real-steel\" rel=\"noopener nofollow\" target=\"_blank\">China<\/a><\/strong>, muitos consumidores continuam a preferir a utiliza\u00e7\u00e3o de cart\u00f5es SIM f\u00edsicos.<\/p>\n<p>\u00a0<\/p>\n<p>Ap\u00f3s o lan\u00e7amento do iPhone Air naquele mercado, a Apple teve de estabelecer parcerias com a China Mobile, China Telecom e China Unicom para viabilizar o suporte ao eSIM. Ainda assim, o processo n\u00e3o \u00e9 totalmente digital: os clientes muitas vezes precisam de visitar uma loja da operadora local para ativar o eSIM no seu novo dispositivo, criando uma barreira adicional \u00e0 ado\u00e7\u00e3o.<\/p>\n<p>\u00a0<\/p>\n<p>De acordo com os relat\u00f3rios atuais, o iPhone Fold dever\u00e1 fazer a sua estreia em setembro de 2026, juntamente com o <strong><a href=\"https:\/\/tugatech.com.pt\/t74997-iphone-18-pro-preco-podera-aumentar-devido-a-crise-nas-memorias\" rel=\"noopener nofollow\" target=\"_blank\">iPhone 18 Pro<\/a><\/strong> e o iPhone 18 Pro Max. Este calend\u00e1rio alinha-se com a inten\u00e7\u00e3o da Apple de rever a sua estrat\u00e9gia de lan\u00e7amentos, passando para um ciclo bianual de novidades a partir de 2026.<\/p>\n","protected":false},"excerpt":{"rendered":"\u00a0 A introdu\u00e7\u00e3o do iPhone Air este ano trouxe uma nova tend\u00eancia de design para a linha de&hellip;\n","protected":false},"author":2,"featured_media":177757,"comment_status":"","ping_status":"","sticky":false,"template":"","format":"standard","meta":{"footnotes":""},"categories":[84],"tags":[109,107,108,32,33,105,103,104,106,110],"class_list":{"0":"post-177756","1":"post","2":"type-post","3":"status-publish","4":"format-standard","5":"has-post-thumbnail","7":"category-ciencia-e-tecnologia","8":"tag-ciencia","9":"tag-ciencia-e-tecnologia","10":"tag-cienciaetecnologia","11":"tag-portugal","12":"tag-pt","13":"tag-science","14":"tag-science-and-technology","15":"tag-scienceandtechnology","16":"tag-technology","17":"tag-tecnologia"},"share_on_mastodon":{"url":"https:\/\/pubeurope.com\/@pt\/115673271289869405","error":""},"_links":{"self":[{"href":"https:\/\/www.europesays.com\/pt\/wp-json\/wp\/v2\/posts\/177756","targetHints":{"allow":["GET"]}}],"collection":[{"href":"https:\/\/www.europesays.com\/pt\/wp-json\/wp\/v2\/posts"}],"about":[{"href":"https:\/\/www.europesays.com\/pt\/wp-json\/wp\/v2\/types\/post"}],"author":[{"embeddable":true,"href":"https:\/\/www.europesays.com\/pt\/wp-json\/wp\/v2\/users\/2"}],"replies":[{"embeddable":true,"href":"https:\/\/www.europesays.com\/pt\/wp-json\/wp\/v2\/comments?post=177756"}],"version-history":[{"count":0,"href":"https:\/\/www.europesays.com\/pt\/wp-json\/wp\/v2\/posts\/177756\/revisions"}],"wp:featuredmedia":[{"embeddable":true,"href":"https:\/\/www.europesays.com\/pt\/wp-json\/wp\/v2\/media\/177757"}],"wp:attachment":[{"href":"https:\/\/www.europesays.com\/pt\/wp-json\/wp\/v2\/media?parent=177756"}],"wp:term":[{"taxonomy":"category","embeddable":true,"href":"https:\/\/www.europesays.com\/pt\/wp-json\/wp\/v2\/categories?post=177756"},{"taxonomy":"post_tag","embeddable":true,"href":"https:\/\/www.europesays.com\/pt\/wp-json\/wp\/v2\/tags?post=177756"}],"curies":[{"name":"wp","href":"https:\/\/api.w.org\/{rel}","templated":true}]}}