{"id":177760,"date":"2025-12-06T15:14:17","date_gmt":"2025-12-06T15:14:17","guid":{"rendered":"https:\/\/www.europesays.com\/pt\/177760\/"},"modified":"2025-12-06T15:14:17","modified_gmt":"2025-12-06T15:14:17","slug":"forcas-armadas-venezuelanas-intercetam-aviao-hostil-no-sudoeste-do-pais","status":"publish","type":"post","link":"https:\/\/www.europesays.com\/pt\/177760\/","title":{"rendered":"For\u00e7as Armadas venezuelanas intercetam avi\u00e3o &#8220;hostil&#8221; no sudoeste do pa\u00eds"},"content":{"rendered":"<p>  De&amp;nbsp<a href=\"https:\/\/pt.euronews.com\/perfis\/2780\" rel=\"nofollow noopener\" target=\"_blank\">Lucia Blasco<\/a>&amp;nbsp&amp;&amp;nbsp<b>Euronews en espa\u00f1ol<\/b><\/p>\n<p>\n                    Publicado a                 05\/12\/2025 &#8211; 21:32 GMT+1<br \/>\n                \u2022\u00daltimas not\u00edcias<br \/>\n                                     22:17\n                                        <\/p>\n<p>A For\u00e7a Armada Nacional Bolivariana (FANB) intercetou e imobilizou na sexta-feira um avi\u00e3o, depois de o ter declarado <strong>&#8220;hostil&#8221;<\/strong> ao entrar pelo leste sem emitir c\u00f3digo de identifica\u00e7\u00e3o, com o transponder desligado e sem plano de voo. O facto foi comunicado na sexta-feira pelo comandante operacional estrat\u00e9gico Domingo Hern\u00e1ndez L\u00e1rez, que acrescentou numa publica\u00e7\u00e3o no Instagram que <strong>&#8220;a sua interdi\u00e7\u00e3o foi imediatamente ordenada&#8221; com tr\u00eas ca\u00e7as F-16<\/strong>.<\/p>\n<p>A aeronave <strong>n\u00e3o cumpri<\/strong> <strong>os protocolos estabelecidos<\/strong> na lei de defesa do espa\u00e7o a\u00e9reo venezuelano, pelo que foi exigida uma <strong>&#8220;aterragem for\u00e7ada&#8221;<\/strong> numa zona do sudoeste de Apure, na fronteira com a Col\u00f4mbia, onde foi imobilizada no solo, disse Hern\u00e1ndez L\u00e1rez.<\/p>\n<p>O chefe militar acrescentou que a Venezuela <strong>&#8220;\u00e9 uma terra de paz, liberdade e democracia, de lei e justi\u00e7a<\/strong>&#8220;, e garantiu que os controlos continuar\u00e3o a impedir que o seu espa\u00e7o a\u00e9reo seja utilizado para o tr\u00e1fico de drogas ou outras atividades il\u00edcitas.<\/p>\n<p>De acordo com a FANB, em 2025 aterraram 28 avi\u00f5es e, desde 2012, foi registado um total de 419 casos.<\/p>\n<p>A Venezuela denunciou uma &#8220;amea\u00e7a&#8221; por parte dos Estados Unidos, que mant\u00eam <a href=\"https:\/\/pt.euronews.com\/2025\/11\/28\/trump-anuncia-operacoes-terrestres-contra-traficantes-de-droga-venezuelanos-apos-sucesso-n\" rel=\"nofollow noopener\" target=\"_blank\">tropas nas Cara\u00edbas<\/a> e alertou recentemente para uma alegada &#8220;situa\u00e7\u00e3o potencialmente perigosa&#8221; no pa\u00eds, para a qual deve ser exercida &#8220;extrema cautela&#8221;.<\/p>\n<p>Suspens\u00e3o dos voos internacionais<\/p>\n<p>Por outro lado, o Aeroporto Internacional Sim\u00f3n Bol\u00edvar, que serve Caracas, amanheceu esta sexta-feira <strong>sem opera\u00e7\u00f5es de companhias a\u00e9reas estrangeiras<\/strong>. O site oficial do aeroporto listou apenas <strong>nove partidas programadas<\/strong>, todas operadas por empresas venezuelanas, principalmente a Conviasa, com rotas para <strong>Cura\u00e7ao, Col\u00f4mbia, Panam\u00e1 e R\u00fassia<\/strong>, entre outros destinos.<\/p>\n<p>O <a href=\"https:\/\/pt.euronews.com\/viagens\/2025\/11\/27\/tap-e-iberia-impedidas-de-voar-para-a-venezuela-apos-veto-de-maduro\" rel=\"nofollow noopener\" target=\"_blank\">cancelamento dos voos<\/a> estrangeiros ocorre no meio de uma <strong>onda de suspens\u00f5es em massa<\/strong> ap\u00f3s um aviso da Administra\u00e7\u00e3o Federal de Avia\u00e7\u00e3o dos EUA (FAA) sobre riscos operacionais no espa\u00e7o a\u00e9reo venezuelano. Donald Trump afirmou, no passado s\u00e1bado, que o espa\u00e7o a\u00e9reo da Venezuela <a href=\"https:\/\/pt.euronews.com\/2025\/11\/29\/trump-ordena-encerramento-total-do-espaco-aereo-da-venezuela\" rel=\"nofollow noopener\" target=\"_blank\">deveria ser encerrado &#8220;na sua totalidade&#8221;<\/a><a href=\"https:\/\/es.euronews.com\/2025\/11\/29\/trump-ordena-cerrar-el-espacio-aereo-de-venezuela-en-su-totalidad\" rel=\"nofollow noopener\" target=\"_blank\">.<\/a><\/p>\n<p>A situa\u00e7\u00e3o causou alarme entre v\u00e1rias companhias a\u00e9reas internacionais, que optaram por <a href=\"https:\/\/pt.euronews.com\/viagens\/2025\/11\/23\/iberia-tap-e-outras-companhias-aereas-cancelam-voos-para-a-venezuela-devido-ao-conflito-co\" rel=\"nofollow noopener\" target=\"_blank\"><strong>suspender temporariamente as suas opera\u00e7\u00f5es<\/strong><\/a><a href=\"https:\/\/es.euronews.com\/viajes\/2025\/11\/23\/iberia-tap-y-otras-aerolineas-cancelan-sus-vuelos-a-venezuela-por-el-conflicto-con-eeuu\" rel=\"nofollow noopener\" target=\"_blank\">.<\/a><\/p>\n","protected":false},"excerpt":{"rendered":"De&amp;nbspLucia Blasco&amp;nbsp&amp;&amp;nbspEuronews en espa\u00f1ol Publicado a 05\/12\/2025 &#8211; 21:32 GMT+1 \u2022\u00daltimas not\u00edcias 22:17 A For\u00e7a Armada Nacional Bolivariana&hellip;\n","protected":false},"author":2,"featured_media":177761,"comment_status":"","ping_status":"","sticky":false,"template":"","format":"standard","meta":{"footnotes":""},"categories":[50],"tags":[27,28,15,16,14,25,26,21,22,62,12,3025,13,19,20,23,24,17,18,29,30,31,3023,63,64,65],"class_list":{"0":"post-177760","1":"post","2":"type-post","3":"status-publish","4":"format-standard","5":"has-post-thumbnail","7":"category-mundo","8":"tag-breaking-news","9":"tag-breakingnews","10":"tag-featured-news","11":"tag-featurednews","12":"tag-headlines","13":"tag-latest-news","14":"tag-latestnews","15":"tag-main-news","16":"tag-mainnews","17":"tag-mundo","18":"tag-news","19":"tag-nicolas-maduro","20":"tag-noticias","21":"tag-noticias-principais","22":"tag-noticiasprincipais","23":"tag-principais-noticias","24":"tag-principaisnoticias","25":"tag-top-stories","26":"tag-topstories","27":"tag-ultimas","28":"tag-ultimas-noticias","29":"tag-ultimasnoticias","30":"tag-venezuela","31":"tag-world","32":"tag-world-news","33":"tag-worldnews"},"share_on_mastodon":{"url":"https:\/\/pubeurope.com\/@pt\/115673278902008990","error":""},"_links":{"self":[{"href":"https:\/\/www.europesays.com\/pt\/wp-json\/wp\/v2\/posts\/177760","targetHints":{"allow":["GET"]}}],"collection":[{"href":"https:\/\/www.europesays.com\/pt\/wp-json\/wp\/v2\/posts"}],"about":[{"href":"https:\/\/www.europesays.com\/pt\/wp-json\/wp\/v2\/types\/post"}],"author":[{"embeddable":true,"href":"https:\/\/www.europesays.com\/pt\/wp-json\/wp\/v2\/users\/2"}],"replies":[{"embeddable":true,"href":"https:\/\/www.europesays.com\/pt\/wp-json\/wp\/v2\/comments?post=177760"}],"version-history":[{"count":0,"href":"https:\/\/www.europesays.com\/pt\/wp-json\/wp\/v2\/posts\/177760\/revisions"}],"wp:featuredmedia":[{"embeddable":true,"href":"https:\/\/www.europesays.com\/pt\/wp-json\/wp\/v2\/media\/177761"}],"wp:attachment":[{"href":"https:\/\/www.europesays.com\/pt\/wp-json\/wp\/v2\/media?parent=177760"}],"wp:term":[{"taxonomy":"category","embeddable":true,"href":"https:\/\/www.europesays.com\/pt\/wp-json\/wp\/v2\/categories?post=177760"},{"taxonomy":"post_tag","embeddable":true,"href":"https:\/\/www.europesays.com\/pt\/wp-json\/wp\/v2\/tags?post=177760"}],"curies":[{"name":"wp","href":"https:\/\/api.w.org\/{rel}","templated":true}]}}