{"id":177762,"date":"2025-12-06T15:17:54","date_gmt":"2025-12-06T15:17:54","guid":{"rendered":"https:\/\/www.europesays.com\/pt\/177762\/"},"modified":"2025-12-06T15:17:54","modified_gmt":"2025-12-06T15:17:54","slug":"febre-do-nilo-confirmada-em-portugal-dgav-recomenda-vacinacao-de-cavalos","status":"publish","type":"post","link":"https:\/\/www.europesays.com\/pt\/177762\/","title":{"rendered":"Febre do Nilo confirmada em Portugal, DGAV recomenda vacina\u00e7\u00e3o de cavalos"},"content":{"rendered":"<p class=\"category\"><a href=\"https:\/\/sicnoticias.pt\/pais\" rel=\"nofollow noopener\" target=\"_blank\">Pa\u00eds<\/a><\/p>\n<p class=\"g-article-lead lead\" data-field=\"lead\">A febre do Nilo Ocidental \u00e9 transmitida por um mosquito e, no caso dos equ\u00eddeos, podem surgir sinais ligeiros, mas alguns podem desenvolver sintomas neurol\u00f3gicos, que podem ser fatais. Tanto equ\u00eddeos como humanos infetados n\u00e3o promovem a transmiss\u00e3o da doen\u00e7a.<\/p>\n<p><img decoding=\"async\" src=\"https:\/\/www.europesays.com\/pt\/wp-content\/uploads\/2025\/12\/1765034274_833_original.webp\" alt=\"Febre do Nilo confirmada em Portugal, DGAV recomenda vacina\u00e7\u00e3o de cavalos\"\/><\/p>\n<p>Pawich Sattalerd\/Getty Images<\/p>\n<p><strong>A circula\u00e7\u00e3o do v\u00edrus da Febre do Nilo Ocidental (FNO) foi confirmada em Portugal e a Dire\u00e7\u00e3o-Geral de Alimenta\u00e7\u00e3o e Veterin\u00e1ria (DGAV) aconselha a vacina\u00e7\u00e3o dos cavalos nas zonas infetadas e a prote\u00e7\u00e3o dos animais.<\/strong><\/p>\n<blockquote>\n<p>&#8220;T\u00eam sido notificadas \u00e0 DGAV suspeitas de FNO em equ\u00eddeos, estando confirmada a circula\u00e7\u00e3o do v\u00edrus causador da doen\u00e7a no territ\u00f3rio nacional&#8221;, <a href=\"https:\/\/www.dgav.pt\/destaques\/noticias\/febre-do-nilo-ocidental-fno\/\" target=\"_blank\" rel=\"noopener noreferrer nofollow\">anunciou, em comunicado<\/a>.<\/p>\n<\/blockquote>\n<p>Este ano, <strong>foram detetados oito focos no Alentejo e quatro em Lisboa e Vale do Tejo<\/strong>.<\/p>\n<p>A <a href=\"https:\/\/www.dgav.pt\/animais\/conteudo\/animais-de-producao\/equideos\/saude-animal\/doencas-dos-equideos\/febre-do-nilo-ocidental\/\" target=\"_blank\" rel=\"noopener noreferrer nofollow\">DGAV aconselha<\/a> assim a <strong>vacina\u00e7\u00e3o dos cavalos nas zonas infetadas e a prote\u00e7\u00e3o dos animais contra picadas de insetos, bem como a elimina\u00e7\u00e3o de \u00e1guas paradas, consideradas &#8220;criadouros de mosquitos&#8221;<\/strong>.<\/p>\n<p>A febre do Nilo Ocidental \u00e9 <strong>transmitida por um mosquito e, no caso dos equ\u00eddeos, podem surgir sinais ligeiros, mas alguns podem desenvolver sintomas neurol\u00f3gicos, que podem ser fatais<\/strong>. Equ\u00eddeos e humanos infetados n\u00e3o promovem a transmiss\u00e3o da doen\u00e7a.<\/p>\n<p>Na Europa, a FNO apareceu, pela primeira vez, em 2000, em Camarque, Fran\u00e7a.<\/p>\n<p>A <strong>DGAV j\u00e1 tinha alertado, no final de setembro, para o aumento do n\u00famero de casos na Europa<\/strong>.<\/p>\n<p>Entre janeiro e 15 de setembro, foram confirmados 272 focos de infe\u00e7\u00e3o pela FNO em animais, na Europa, sobretudo, em It\u00e1lia (216). Alemanha, \u00c1ustria, Cro\u00e1cia, Espanha, Est\u00f3nia, Gr\u00e9cia e Hungria tamb\u00e9m j\u00e1 reportaram focos.<\/p>\n<p>Por esp\u00e9cie, os casos em<strong> equ\u00eddeos foram detetados na Alemanha, Cro\u00e1cia, Espanha, Fran\u00e7a, Gr\u00e9cia, Hungria, It\u00e1lia e \u00c1ustria.<\/strong><\/p>\n<p>J\u00e1 os <strong>casos em aves foram identificados na Alemanha, Espanha, It\u00e1lia, \u00c1ustria e Est\u00f3nia<\/strong>.<\/p>\n","protected":false},"excerpt":{"rendered":"Pa\u00eds A febre do Nilo Ocidental \u00e9 transmitida por um mosquito e, no caso dos equ\u00eddeos, podem surgir&hellip;\n","protected":false},"author":2,"featured_media":177763,"comment_status":"","ping_status":"","sticky":false,"template":"","format":"standard","meta":{"footnotes":""},"categories":[8],"tags":[27,28,15,16,14,25,26,21,22,12,13,19,20,32,23,24,33,17,18,29,30,31],"class_list":{"0":"post-177762","1":"post","2":"type-post","3":"status-publish","4":"format-standard","5":"has-post-thumbnail","7":"category-principais-noticias","8":"tag-breaking-news","9":"tag-breakingnews","10":"tag-featured-news","11":"tag-featurednews","12":"tag-headlines","13":"tag-latest-news","14":"tag-latestnews","15":"tag-main-news","16":"tag-mainnews","17":"tag-news","18":"tag-noticias","19":"tag-noticias-principais","20":"tag-noticiasprincipais","21":"tag-portugal","22":"tag-principais-noticias","23":"tag-principaisnoticias","24":"tag-pt","25":"tag-top-stories","26":"tag-topstories","27":"tag-ultimas","28":"tag-ultimas-noticias","29":"tag-ultimasnoticias"},"share_on_mastodon":{"url":"https:\/\/pubeurope.com\/@pt\/115673294941718002","error":""},"_links":{"self":[{"href":"https:\/\/www.europesays.com\/pt\/wp-json\/wp\/v2\/posts\/177762","targetHints":{"allow":["GET"]}}],"collection":[{"href":"https:\/\/www.europesays.com\/pt\/wp-json\/wp\/v2\/posts"}],"about":[{"href":"https:\/\/www.europesays.com\/pt\/wp-json\/wp\/v2\/types\/post"}],"author":[{"embeddable":true,"href":"https:\/\/www.europesays.com\/pt\/wp-json\/wp\/v2\/users\/2"}],"replies":[{"embeddable":true,"href":"https:\/\/www.europesays.com\/pt\/wp-json\/wp\/v2\/comments?post=177762"}],"version-history":[{"count":0,"href":"https:\/\/www.europesays.com\/pt\/wp-json\/wp\/v2\/posts\/177762\/revisions"}],"wp:featuredmedia":[{"embeddable":true,"href":"https:\/\/www.europesays.com\/pt\/wp-json\/wp\/v2\/media\/177763"}],"wp:attachment":[{"href":"https:\/\/www.europesays.com\/pt\/wp-json\/wp\/v2\/media?parent=177762"}],"wp:term":[{"taxonomy":"category","embeddable":true,"href":"https:\/\/www.europesays.com\/pt\/wp-json\/wp\/v2\/categories?post=177762"},{"taxonomy":"post_tag","embeddable":true,"href":"https:\/\/www.europesays.com\/pt\/wp-json\/wp\/v2\/tags?post=177762"}],"curies":[{"name":"wp","href":"https:\/\/api.w.org\/{rel}","templated":true}]}}