{"id":177766,"date":"2025-12-06T15:24:18","date_gmt":"2025-12-06T15:24:18","guid":{"rendered":"https:\/\/www.europesays.com\/pt\/177766\/"},"modified":"2025-12-06T15:24:18","modified_gmt":"2025-12-06T15:24:18","slug":"fc-porto-gabri-veiga-em-tratamento-deniz-gul-treina-condicionado","status":"publish","type":"post","link":"https:\/\/www.europesays.com\/pt\/177766\/","title":{"rendered":"FC Porto: Gabri Veiga em tratamento, Deniz G\u00fcl treina condicionado"},"content":{"rendered":"<p style=\"margin-bottom:11px\">Depois do <a href=\"https:\/\/maisfutebol.iol.pt\/jogo\/aominuto\/fc-porto\/v-guimaraes\/13826207\" target=\"_blank\" rel=\"nofollow noopener\"><strong>desaire com o Vit\u00f3ria de Guimar\u00e3es (3-1) na v\u00e9spera<\/strong><\/a>, o FC Porto regressou esta manh\u00e3 ao trabalho e com novidades no boletim cl\u00ednico.<\/p>\n<p>Gabri Veiga, que saiu ao intervalo, <a href=\"https:\/\/maisfutebol.iol.pt\/video\/gabri-veiga\/fc-porto-gabri-veiga-marca-lesiona-se-na-jogada-e-chora\" target=\"_blank\" rel=\"nofollow noopener\"><strong>devido \u00e0 les\u00e3o contra\u00edda quando marcou o golo inaugural<\/strong><\/a>, fez tratamento a uma entorse no tornozelo direito e deve falhar o jogo com o Tondela. Luuk de Jong\u00a0e Nehu\u00e9n P\u00e9rez fizeram companhia ao espanhol, enquanto Deniz G\u00fcl deu um passo em frente na recupera\u00e7\u00e3o e realizou treino integrado condicionado.<\/p>\n<p>O treinador Francesco Farioli chamou Gabriel Br\u00e1s, Jo\u00e3o Teixeira e Andr\u00e9 Oliveira, da equipa B, para compor o grupo no Olival.<\/p>\n<p>O FC Porto volta aos treinos na tarde de s\u00e1bado e, a partir das 16h45, Farioli vai projetar o duelo com o Tondela, da 13.\u00aa jornada da Liga, agendado para as 20h30 de domingo. Ap\u00f3s a confer\u00eancia de imprensa, os drag\u00f5es seguem para est\u00e1gio.<\/p>\n","protected":false},"excerpt":{"rendered":"Depois do desaire com o Vit\u00f3ria de Guimar\u00e3es (3-1) na v\u00e9spera, o FC Porto regressou esta manh\u00e3 ao&hellip;\n","protected":false},"author":2,"featured_media":107464,"comment_status":"","ping_status":"","sticky":false,"template":"","format":"standard","meta":{"footnotes":""},"categories":[87],"tags":[19732,135,282,1011,6878,5816,46,462,32,33,47,134,3592,2096],"class_list":{"0":"post-177766","1":"post","2":"type-post","3":"status-publish","4":"format-standard","5":"has-post-thumbnail","7":"category-desporto","8":"tag-deniz-gul","9":"tag-desporto","10":"tag-fc-porto","11":"tag-francesco-farioli","12":"tag-futebol-clube-do-porto","13":"tag-gabri-veiga","14":"tag-maisfutebol","15":"tag-porto","16":"tag-portugal","17":"tag-pt","18":"tag-pura-paixao","19":"tag-sports","20":"tag-treino","21":"tag-treino-fc-porto"},"share_on_mastodon":{"url":"https:\/\/pubeurope.com\/@pt\/115673318242617144","error":""},"_links":{"self":[{"href":"https:\/\/www.europesays.com\/pt\/wp-json\/wp\/v2\/posts\/177766","targetHints":{"allow":["GET"]}}],"collection":[{"href":"https:\/\/www.europesays.com\/pt\/wp-json\/wp\/v2\/posts"}],"about":[{"href":"https:\/\/www.europesays.com\/pt\/wp-json\/wp\/v2\/types\/post"}],"author":[{"embeddable":true,"href":"https:\/\/www.europesays.com\/pt\/wp-json\/wp\/v2\/users\/2"}],"replies":[{"embeddable":true,"href":"https:\/\/www.europesays.com\/pt\/wp-json\/wp\/v2\/comments?post=177766"}],"version-history":[{"count":0,"href":"https:\/\/www.europesays.com\/pt\/wp-json\/wp\/v2\/posts\/177766\/revisions"}],"wp:featuredmedia":[{"embeddable":true,"href":"https:\/\/www.europesays.com\/pt\/wp-json\/wp\/v2\/media\/107464"}],"wp:attachment":[{"href":"https:\/\/www.europesays.com\/pt\/wp-json\/wp\/v2\/media?parent=177766"}],"wp:term":[{"taxonomy":"category","embeddable":true,"href":"https:\/\/www.europesays.com\/pt\/wp-json\/wp\/v2\/categories?post=177766"},{"taxonomy":"post_tag","embeddable":true,"href":"https:\/\/www.europesays.com\/pt\/wp-json\/wp\/v2\/tags?post=177766"}],"curies":[{"name":"wp","href":"https:\/\/api.w.org\/{rel}","templated":true}]}}