{"id":177767,"date":"2025-12-06T15:26:44","date_gmt":"2025-12-06T15:26:44","guid":{"rendered":"https:\/\/www.europesays.com\/pt\/177767\/"},"modified":"2025-12-06T15:26:44","modified_gmt":"2025-12-06T15:26:44","slug":"as-botas-tendencia-de-claudia-vieira-entram-na-nossa-wishlist-e-levam-nos-diretos-a-hm","status":"publish","type":"post","link":"https:\/\/www.europesays.com\/pt\/177767\/","title":{"rendered":"As botas tend\u00eancia de Cl\u00e1udia Vieira entram na nossa wishlist e levam-nos diretos \u00e0 H&#038;M"},"content":{"rendered":"<p>Agora que o final do ano se aproxima, come\u00e7amos a pensar em <a href=\"https:\/\/versa.iol.pt\/catarina-furtado\/h-m\/uma-camisola-quente-tambem-pode-ser-sexy-catarina-furtado-leva-nos-a-h-m-para-esta-peca\/20251127\/692736c0d34e3caad84bbdc6\" rel=\"nofollow noopener\" target=\"_blank\">looks<\/a><a href=\"https:\/\/versa.iol.pt\/catarina-furtado\/h-m\/uma-camisola-quente-tambem-pode-ser-sexy-catarina-furtado-leva-nos-a-h-m-para-esta-peca\/20251127\/692736c0d34e3caad84bbdc6\" rel=\"nofollow noopener\" target=\"_blank\"> mais festivos, desde brilhos, lantejoulas, dourados, prateados (e at\u00e9 mesmo a mistura dos dois)<\/a>, perfeitos para os jantares de Natal, para as festas que a\u00ed v\u00eam ou, simplesmente, para dar um toque especial ao dia.<\/p>\n<p>Este ano, os tons metalizados ganharam ainda mais destaque. Est\u00e3o presentes na roupa, nos acess\u00f3rios e at\u00e9 nas unhas, mas a verdade \u00e9 que funcionam muito al\u00e9m das tend\u00eancias moment\u00e2neas: encaixam no dia a dia, seja em pe\u00e7as discretas, seja em detalhes luminosos que fazem diferen\u00e7a no visual. E a <a href=\"https:\/\/versa.iol.pt\/claudia-vieira\/cardigan\/peca-intemporal-de-claudia-vieira-faz-nos-querer-uma-igual-e-leva-nos-da-zara-a-massimo-dutti-na-black-friday\/20251130\/6929dd31d34e3caad84bd5b3\" rel=\"nofollow noopener\" target=\"_blank\">Cl\u00e1udia Vieira<\/a> mostrou isso de forma simples e inspiradora.<\/p>\n<p>Na <a href=\"https:\/\/versa.iol.pt\/claudia-vieira\/caetana\/a-festa-de-sonho-da-filha-de-claudia-vieira-teve-direito-a-uma-mesa-especial\/20251203\/692ff588d34e3caad84bf56b\" rel=\"nofollow noopener\" target=\"_blank\">festa de anos da filha<\/a>, escolheu um look descontra\u00eddo, umas cal\u00e7as brancas e um top \u00e0s riscas, mas o foco acabou por ir naturalmente para os p\u00e9s: onde estavam umas botas prateadas que acrescentaram um toque moderno e luminoso ao conjunto.<\/p>\n<p>E o mais interessante deste tipo de botas \u00e9 a sua versatilidade. Funcionam com jeans e t-shirt, combinam com looks mais arranjados e ficam \u00f3timas em coordenados monocrom\u00e1ticos. S\u00e3o aquele acess\u00f3rio que transforma qualquer look sem complicar, trazendo brilho na medida certa.<\/p>\n<p>Se gostaste do look da Cl\u00e1udia e queres recriar algo semelhante, reunimos modelos parecidos, desde op\u00e7\u00f5es da Steve Madden em promo\u00e7\u00e3o at\u00e9 alternativas mais acess\u00edveis, como as da H&amp;M \u2014 al\u00e9m de outras sugest\u00f5es de cal\u00e7ado e acess\u00f3rios metalizados para integrares facilmente nos teus looks.<\/p>\n","protected":false},"excerpt":{"rendered":"Agora que o final do ano se aproxima, come\u00e7amos a pensar em looks mais festivos, desde brilhos, lantejoulas,&hellip;\n","protected":false},"author":2,"featured_media":177768,"comment_status":"","ping_status":"","sticky":false,"template":"","format":"standard","meta":{"footnotes":""},"categories":[85],"tags":[1081,10049,1082,204,114,115,754,186,1079,32,21733,33,1078,1080],"class_list":{"0":"post-177767","1":"post","2":"type-post","3":"status-publish","4":"format-standard","5":"has-post-thumbnail","7":"category-entretenimento","8":"tag-beleza","9":"tag-botas","10":"tag-claudia-vieira","11":"tag-design","12":"tag-entertainment","13":"tag-entretenimento","14":"tag-gastronomia","15":"tag-lifestyle","16":"tag-moda","17":"tag-portugal","18":"tag-prateado","19":"tag-pt","20":"tag-versa","21":"tag-viagens"},"share_on_mastodon":{"url":"https:\/\/pubeurope.com\/@pt\/115673326543276596","error":""},"_links":{"self":[{"href":"https:\/\/www.europesays.com\/pt\/wp-json\/wp\/v2\/posts\/177767","targetHints":{"allow":["GET"]}}],"collection":[{"href":"https:\/\/www.europesays.com\/pt\/wp-json\/wp\/v2\/posts"}],"about":[{"href":"https:\/\/www.europesays.com\/pt\/wp-json\/wp\/v2\/types\/post"}],"author":[{"embeddable":true,"href":"https:\/\/www.europesays.com\/pt\/wp-json\/wp\/v2\/users\/2"}],"replies":[{"embeddable":true,"href":"https:\/\/www.europesays.com\/pt\/wp-json\/wp\/v2\/comments?post=177767"}],"version-history":[{"count":0,"href":"https:\/\/www.europesays.com\/pt\/wp-json\/wp\/v2\/posts\/177767\/revisions"}],"wp:featuredmedia":[{"embeddable":true,"href":"https:\/\/www.europesays.com\/pt\/wp-json\/wp\/v2\/media\/177768"}],"wp:attachment":[{"href":"https:\/\/www.europesays.com\/pt\/wp-json\/wp\/v2\/media?parent=177767"}],"wp:term":[{"taxonomy":"category","embeddable":true,"href":"https:\/\/www.europesays.com\/pt\/wp-json\/wp\/v2\/categories?post=177767"},{"taxonomy":"post_tag","embeddable":true,"href":"https:\/\/www.europesays.com\/pt\/wp-json\/wp\/v2\/tags?post=177767"}],"curies":[{"name":"wp","href":"https:\/\/api.w.org\/{rel}","templated":true}]}}