{"id":177775,"date":"2025-12-06T15:31:17","date_gmt":"2025-12-06T15:31:17","guid":{"rendered":"https:\/\/www.europesays.com\/pt\/177775\/"},"modified":"2025-12-06T15:31:17","modified_gmt":"2025-12-06T15:31:17","slug":"benfica-sporting-resumo-alargado-liga-betclic","status":"publish","type":"post","link":"https:\/\/www.europesays.com\/pt\/177775\/","title":{"rendered":"Benfica Sporting Resumo Alargado Liga Betclic"},"content":{"rendered":"<p>&#13;<br \/>\n                                Voleibol Feminino&#13;\n                            <\/p>\n<p class=\"news-title\">Jogos com Sporting e SC Braga: antevis\u00e3o de Henrique Furtado<\/p>\n<p>Neste <strong>domingo, \u00e0s 19h00<\/strong>, no <strong>Pavilh\u00e3o Jo\u00e3o Rocha<\/strong>, as equipas femininas de voleibol do <strong>Benfica<\/strong> e do <strong>Sporting<\/strong> entram em quadra para o d\u00e9rbi da <strong>9.\u00aa jornada<\/strong> da 1.\u00aa fase do Campeonato Nacional. <strong>Henrique Furtado<\/strong> disse esperar <strong>&#8220;uma partida muito dura, digna de um cl\u00e1ssico&#8221;<\/strong>. &#8220;Estamos a prepararmo-nos da melhor forma poss\u00edvel&#8221;, garantiu o treinador, em declara\u00e7\u00f5es aos <strong>meios do Clube<\/strong>. Exatamente 24 horas depois (19h00), na segunda-feira, dia 8, <strong>as campe\u00e3s nacionais<\/strong> recebem, no Pavilh\u00e3o n.\u00ba 2, o <strong>SC Braga<\/strong>, na ronda seguinte da prova. &#8220;\u00c9 uma equipa que tamb\u00e9m disputa o topo da competi\u00e7\u00e3o. Exige o m\u00e1ximo da nossa seriedade, do nosso foco e da nossa prepara\u00e7\u00e3o&#8221;, explicou o t\u00e9cnico.<\/p>\n<p class=\"news-date \">&#13;<br \/>\n&#13;<br \/>\n                                    &#13;<br \/>\n&#13;<br \/>\nH\u00e1 1 horas &#13;\n                                <\/p>\n","protected":false},"excerpt":{"rendered":"&#13; Voleibol Feminino&#13; Jogos com Sporting e SC Braga: antevis\u00e3o de Henrique Furtado Neste domingo, \u00e0s 19h00, no&hellip;\n","protected":false},"author":2,"featured_media":177776,"comment_status":"","ping_status":"","sticky":false,"template":"","format":"standard","meta":{"footnotes":""},"categories":[8],"tags":[27,28,15,16,14,25,26,21,22,12,13,19,20,32,23,24,33,17,18,29,30,31],"class_list":{"0":"post-177775","1":"post","2":"type-post","3":"status-publish","4":"format-standard","5":"has-post-thumbnail","7":"category-principais-noticias","8":"tag-breaking-news","9":"tag-breakingnews","10":"tag-featured-news","11":"tag-featurednews","12":"tag-headlines","13":"tag-latest-news","14":"tag-latestnews","15":"tag-main-news","16":"tag-mainnews","17":"tag-news","18":"tag-noticias","19":"tag-noticias-principais","20":"tag-noticiasprincipais","21":"tag-portugal","22":"tag-principais-noticias","23":"tag-principaisnoticias","24":"tag-pt","25":"tag-top-stories","26":"tag-topstories","27":"tag-ultimas","28":"tag-ultimas-noticias","29":"tag-ultimasnoticias"},"share_on_mastodon":{"url":"https:\/\/pubeurope.com\/@pt\/115673346171554139","error":""},"_links":{"self":[{"href":"https:\/\/www.europesays.com\/pt\/wp-json\/wp\/v2\/posts\/177775","targetHints":{"allow":["GET"]}}],"collection":[{"href":"https:\/\/www.europesays.com\/pt\/wp-json\/wp\/v2\/posts"}],"about":[{"href":"https:\/\/www.europesays.com\/pt\/wp-json\/wp\/v2\/types\/post"}],"author":[{"embeddable":true,"href":"https:\/\/www.europesays.com\/pt\/wp-json\/wp\/v2\/users\/2"}],"replies":[{"embeddable":true,"href":"https:\/\/www.europesays.com\/pt\/wp-json\/wp\/v2\/comments?post=177775"}],"version-history":[{"count":0,"href":"https:\/\/www.europesays.com\/pt\/wp-json\/wp\/v2\/posts\/177775\/revisions"}],"wp:featuredmedia":[{"embeddable":true,"href":"https:\/\/www.europesays.com\/pt\/wp-json\/wp\/v2\/media\/177776"}],"wp:attachment":[{"href":"https:\/\/www.europesays.com\/pt\/wp-json\/wp\/v2\/media?parent=177775"}],"wp:term":[{"taxonomy":"category","embeddable":true,"href":"https:\/\/www.europesays.com\/pt\/wp-json\/wp\/v2\/categories?post=177775"},{"taxonomy":"post_tag","embeddable":true,"href":"https:\/\/www.europesays.com\/pt\/wp-json\/wp\/v2\/tags?post=177775"}],"curies":[{"name":"wp","href":"https:\/\/api.w.org\/{rel}","templated":true}]}}