{"id":177777,"date":"2025-12-06T15:32:11","date_gmt":"2025-12-06T15:32:11","guid":{"rendered":"https:\/\/www.europesays.com\/pt\/177777\/"},"modified":"2025-12-06T15:32:11","modified_gmt":"2025-12-06T15:32:11","slug":"mae-de-virginia-agradece-presente-que-ganhou-de-poliana-rocha-e-leonardo-a-verdadeira","status":"publish","type":"post","link":"https:\/\/www.europesays.com\/pt\/177777\/","title":{"rendered":"M\u00e3e de Virginia agradece presente que ganhou de Poliana Rocha e Leonardo: \u2018A verdadeira\u2019"},"content":{"rendered":"<p>A m\u00e3e de \u00a0<a href=\"https:\/\/caras.com.br\/tags\/virginia-fonseca_1\" target=\"_blank\" rel=\"noopener nofollow\" data-mrf-link=\"https:\/\/caras.com.br\/tags\/virginia-fonseca_1\"><strong>Virginia Fonseca<\/strong><\/a>,\u00a0<a href=\"https:\/\/caras.com.br\/tags\/margareth-serrao\" target=\"_blank\" rel=\"noopener nofollow\" data-mrf-link=\"https:\/\/caras.com.br\/tags\/margareth-serrao\"><strong>Margareth Serr\u00e3o<\/strong><\/a>, usou <a href=\"https:\/\/caras.com.br\/atualidades\/poliana-rocha-e-sincera-ao-ler-comparacao-com-mae-de-vini-jr-triste.phtml\" rel=\"nofollow noopener\" target=\"_blank\">as redes sociais<\/a> nesta sexta-feira, 5, para mostrar aos internautas o mimo que recebeu da empres\u00e1ria <a href=\"https:\/\/caras.com.br\/tags\/poliana-rocha\" target=\"_blank\" rel=\"noopener nofollow\"><strong>Poliana Rocha<\/strong><\/a> e do cantor <a href=\"https:\/\/caras.com.br\/tags\/leonardo\" rel=\"nofollow noopener\" target=\"_blank\"><strong>Leonardo:<\/strong><\/a> algumas mangas colhidas na fazenda do casal. Na publica\u00e7\u00e3o, ela exibiu a quantidade generosa de frutas e marcou os dois para agradecer pelo presente.<\/p>\n<p>\u201cOlha as mangas que o Leonardo mandou aqui para casa, l\u00e1 da fazenda dele. Pensa em uma manga boa. Olha s\u00f3 o tamanho dessas. E essas aqui, l\u00e1 em Minas, a gente chama de manga espada. E olha a verdadeira. Quando eu falo \u2018verdadeira\u2019 \u00e9 porque n\u00e3o tem enxerto. Essa \u00e9 \u2018coquinho\u2019, como a gente chama l\u00e1 em Valadares. Nossa, j\u00e1 chupei umas dez. Pensa numa manga boa. Muito obrigada, Leo. Obrigada mesmo\u201d, disse ela.<\/p>\n<p> <img loading=\"lazy\" decoding=\"async\" class=\"size-full wp-image-1040452 img-fluid lazy\" alt=\"Storie de Margareth Serr\u00e3o, m\u00e3e de Virginia Fonseca \u2013 Foto: Instagram\/@margareth_serrao\" width=\"376\" height=\"661\" src=\"https:\/\/www.europesays.com\/pt\/wp-content\/uploads\/2025\/12\/margareth-1.jpg\"  \/>Storie de Margareth Serr\u00e3o, m\u00e3e de Virginia Fonseca \u2013 Foto: Instagram\/@margareth_serrao Rela\u00e7\u00e3o das fam\u00edlias ap\u00f3s a separa\u00e7\u00e3o de Virginia e Z\u00e9 Felipe <\/p>\n<p>Em agosto, Poliana Rocha se pronunciou ap\u00f3s viralizar um v\u00eddeo em que Margareth Serr\u00e3o desejava feliz Dia dos Pais para a filha. Depois da grande repercuss\u00e3o nas redes sociais, a esposa de Leonardo negou qualquer clima de rivalidade entre as fam\u00edlias. Ela tamb\u00e9m contou que tanto ela quanto o marido, assim como Margareth, sofreram muito com a separa\u00e7\u00e3o.<\/p>\n<p>\u201cEsse processo da separa\u00e7\u00e3o foi muito dolorido para gente at\u00e9 mais do que para gente, sabe, eu, Margareth, falo por ela, e Leonardo, n\u00f3s sofremos muito, passamos por um luto horr\u00edvel, que eu nunca imaginei que isso fosse acontecer. Ent\u00e3o, n\u00e3o vamos ficar destilando esse veneninho n\u00e3o, porque a gente precisava realmente estar em um ambiente muito harm\u00f4nico para gente conseguir dar um suporte emocional melhor para nossos netos\u201d, contou. <a href=\"https:\/\/caras.com.br\/atualidades\/poliana-rocha-se-pronuncia-apos-video-da-mae-de-virginia.phtml\" rel=\"nofollow noopener\" target=\"_blank\">Veja o desabafo completo aqui.<\/a><\/p>\n<p>\t <img loading=\"lazy\" decoding=\"async\" class=\"size-full wp-image-1031000 img-fluid lazy\" alt=\"Margareth Serr\u00e3o e Poliana Rocha\" width=\"1920\" height=\"1080\" src=\"https:\/\/www.europesays.com\/pt\/wp-content\/uploads\/2025\/12\/margareth-serrao-aniversario-poliana-rocha.jpg\"  \/>Margareth Serr\u00e3o e Poliana Rocha \u2013 Foto: Instagram\/@margareth_serrao M\u00e3e de Virginia Fonseca passou por cirurgia nos olhos <\/p>\n<p>No in\u00edcio da semana, Margareth Serr\u00e3o, compartilhou em uma publica\u00e7\u00e3o nas redes sociais que passou por uma cirurgia nos olhos para corrigir a vis\u00e3o. \u201cJ\u00e1 estou aqui na cl\u00ednica para fazer a cirurgia para tirar meus \u00f3culos. Todo mundo vive reclamando desses \u00f3culos e eu tamb\u00e9m\u201d, contou. Em seguida, a oftalmologista respons\u00e1vel pelo procedimento, <strong>Jordana Sandes<\/strong>, revelou detalhes do procedimento.<\/p>\n<p>\u201c\u00c9 uma cirurgia que a gente retira o cristalino, que \u00e9 a lente natural que a gente tem dentro dos olhos e implanta uma lente. E essa lente viabiliza a corre\u00e7\u00e3o da vis\u00e3o longe, intermedi\u00e1ria e perto. Al\u00e9m de ser definitiva e indolor\u201d.<\/p>\n<p> <img loading=\"lazy\" decoding=\"async\" class=\"size-full wp-image-1038026 img-fluid lazy\" alt=\"Margareth Serr\u00e3o, m\u00e3e de Virginia Fonseca - Foto: Instagram\/@margareth_serrao\" width=\"375\" height=\"664\" src=\"https:\/\/www.europesays.com\/pt\/wp-content\/uploads\/2025\/12\/virginia-1.jpg\"  \/>Margareth Serr\u00e3o, m\u00e3e de Virginia Fonseca \u2013 Foto: Instagram\/@margareth_serrao <\/p>\n<p>Leia tamb\u00e9m:\u00a0<a href=\"https:\/\/caras.com.br\/tv\/veja-como-comecou-a-historia-de-que-mae-de-virginia-estaria-de-mudanca-para-espanha.phtml\" rel=\"nofollow noopener\" target=\"_blank\">Veja como come\u00e7ou a hist\u00f3ria de que m\u00e3e de Virginia estaria de mudan\u00e7a para Espanha<\/a><\/p>\n<blockquote class=\"instagram-media\" style=\"background: #FFF; border: 0; border-radius: 3px; box-shadow: 0 0 1px 0 rgba(0,0,0,0.5),0 1px 10px 0 rgba(0,0,0,0.15); margin: 1px; max-width: 540px; min-width: 326px; padding: 0; width: calc(100% - 2px);\" data-instgrm-captioned=\"\" data-instgrm-permalink=\"https:\/\/www.instagram.com\/p\/DRK3zjbkYua\/?utm_source=ig_embed&amp;utm_campaign=loading\" data-instgrm-version=\"14\"><\/blockquote>\n<p>        <a href=\"https:\/\/caras.com.br\/autor\/juliana-dracz\" rel=\"nofollow noopener\" target=\"_blank\">&#13;<br \/>\n          <img loading=\"lazy\" decoding=\"async\" alt=\"Juliana Dracz\" src=\"https:\/\/www.europesays.com\/pt\/wp-content\/uploads\/2025\/09\/436551461_2434711450057729_5105646040807821088_n_sqmd.png\" class=\"avatar avatar-115 photo rounded-circle\" height=\"115\" width=\"115\"\/>        <\/a><\/p>\n<p>Juliana Dracz \u00e9 rep\u00f3rter de conte\u00fado do site CARAS. Formada em Jornalismo pela Universidade Cat\u00f3lica de Bras\u00edlia, ela j\u00e1 trabalhou em grandes sites de entretenimento. Atualmente, escreve sobre novelas, celebridades e TV.<\/p>\n<p>\t                                            <script async src=\"\/\/www.instagram.com\/embed.js\"><\/script><\/p>\n","protected":false},"excerpt":{"rendered":"A m\u00e3e de \u00a0Virginia Fonseca,\u00a0Margareth Serr\u00e3o, usou as redes sociais nesta sexta-feira, 5, para mostrar aos internautas o&hellip;\n","protected":false},"author":2,"featured_media":177778,"comment_status":"","ping_status":"","sticky":false,"template":"","format":"standard","meta":{"footnotes":""},"categories":[145],"tags":[211,210,114,115,2159,10284,5548,32,33],"class_list":{"0":"post-177777","1":"post","2":"type-post","3":"status-publish","4":"format-standard","5":"has-post-thumbnail","7":"category-celebridades","8":"tag-celebridades","9":"tag-celebrities","10":"tag-entertainment","11":"tag-entretenimento","12":"tag-leonardo","13":"tag-margareth-serrao","14":"tag-poliana-rocha","15":"tag-portugal","16":"tag-pt"},"share_on_mastodon":{"url":"https:\/\/pubeurope.com\/@pt\/115673349989969227","error":""},"_links":{"self":[{"href":"https:\/\/www.europesays.com\/pt\/wp-json\/wp\/v2\/posts\/177777","targetHints":{"allow":["GET"]}}],"collection":[{"href":"https:\/\/www.europesays.com\/pt\/wp-json\/wp\/v2\/posts"}],"about":[{"href":"https:\/\/www.europesays.com\/pt\/wp-json\/wp\/v2\/types\/post"}],"author":[{"embeddable":true,"href":"https:\/\/www.europesays.com\/pt\/wp-json\/wp\/v2\/users\/2"}],"replies":[{"embeddable":true,"href":"https:\/\/www.europesays.com\/pt\/wp-json\/wp\/v2\/comments?post=177777"}],"version-history":[{"count":0,"href":"https:\/\/www.europesays.com\/pt\/wp-json\/wp\/v2\/posts\/177777\/revisions"}],"wp:featuredmedia":[{"embeddable":true,"href":"https:\/\/www.europesays.com\/pt\/wp-json\/wp\/v2\/media\/177778"}],"wp:attachment":[{"href":"https:\/\/www.europesays.com\/pt\/wp-json\/wp\/v2\/media?parent=177777"}],"wp:term":[{"taxonomy":"category","embeddable":true,"href":"https:\/\/www.europesays.com\/pt\/wp-json\/wp\/v2\/categories?post=177777"},{"taxonomy":"post_tag","embeddable":true,"href":"https:\/\/www.europesays.com\/pt\/wp-json\/wp\/v2\/tags?post=177777"}],"curies":[{"name":"wp","href":"https:\/\/api.w.org\/{rel}","templated":true}]}}