{"id":177788,"date":"2025-12-06T15:48:53","date_gmt":"2025-12-06T15:48:53","guid":{"rendered":"https:\/\/www.europesays.com\/pt\/177788\/"},"modified":"2025-12-06T15:48:53","modified_gmt":"2025-12-06T15:48:53","slug":"desequilibrada-a-bruta-reformista-como-antigos-ministros-do-psd-e-cds-olham-para-o-pacote-laboral-e-a-greve-geral-2","status":"publish","type":"post","link":"https:\/\/www.europesays.com\/pt\/177788\/","title":{"rendered":"Desequilibrada, &#8216;\u00e0 bruta&#8217;, reformista: como antigos ministros do PSD e CDS olham para o pacote laboral e a greve geral"},"content":{"rendered":"<p class=\"texto\">Foram ministros do Trabalho em Governos do PSD ou coliga\u00e7\u00f5es PSD\/CDS e protagonizaram reformas laborais que desencadearam fortes protestos de sindicatos e trabalhadores. Com a experi\u00eancia acumulada e um olhar hoje mais distanciado analisam para o Expresso a proposta de revis\u00e3o laboral apresentada pelo Governo e o clima de contesta\u00e7\u00e3o. Entre Jos\u00e9 da Silva Peneda, Bag\u00e3o F\u00e9lix e Pedro Mota Soares s\u00f3 um deles \u00e9 defensor quase incondicional do sentido de oportunidade do pacote laboral, do m\u00e9todo seguido e das propostas que cont\u00e9m. Aos tr\u00eas resta-lhes a esperan\u00e7a de que o primeiro-ministro consiga um reequil\u00edbrio de poderes na concerta\u00e7\u00e3o social.<\/p>\n<p><a href=\"https:\/\/expresso.pt\/subscrever?action=GEN&amp;channel=BAF&amp;type=CAP&amp;source=WEB&amp;returnUrl=https:\/\/expresso.pt\/economia\/trabalho\/2025-12-04-desequilibrada-a-bruta-reformista-como-antigos-ministros-do-psd-e-cds-olham-para-o-pacote-laboral-e-a-greve-geral-05fb9c35?_gl=1*xoucg3*_ga*aV9GbF9nbFBZTm14aFR4aEZVTTg4cGV1Qm9WMXR2QUx3VG9OaURFdTVPaVJ2N05JUnVNM1htNDFBNFF1RU9aOA&amp;utm_source=expresso&amp;utm_medium=locked_article&amp;locked=true&amp;article_id=dadf35be-5ed9-4987-a24c-76b6431faa27&amp;author_id=C\u00e1tia+Mateus,Elisabete+Miranda&amp;category=Trabalho\" target=\"_self\" class=\"\" rel=\"nofollow noopener\">Subscrever<\/a>J\u00e1 \u00e9 Subscritor?Fa\u00e7a login e continue a ler<a href=\"http:\/\/expresso.pt\/codigo?redirectUrl=https:\/\/expresso.pt\/economia\/trabalho\/2025-12-04-desequilibrada-a-bruta-reformista-como-antigos-ministros-do-psd-e-cds-olham-para-o-pacote-laboral-e-a-greve-geral-05fb9c35?_gl=1*xoucg3*_ga*aV9GbF9nbFBZTm14aFR4aEZVTTg4cGV1Qm9WMXR2QUx3VG9OaURFdTVPaVJ2N05JUnVNM1htNDFBNFF1RU9aOA\" target=\"_self\" class=\"\" rel=\"nofollow noopener\">Inserir C\u00f3digo<\/a>Comprou o Expresso?Insira o c\u00f3digo presente na Revista E para continuar a ler<\/p>\n","protected":false},"excerpt":{"rendered":"Foram ministros do Trabalho em Governos do PSD ou coliga\u00e7\u00f5es PSD\/CDS e protagonizaram reformas laborais que desencadearam fortes&hellip;\n","protected":false},"author":2,"featured_media":176587,"comment_status":"","ping_status":"","sticky":false,"template":"","format":"standard","meta":{"footnotes":""},"categories":[8],"tags":[27,28,15,16,14,25,26,21,22,12,13,19,20,32,23,24,33,17,18,29,30,31],"class_list":{"0":"post-177788","1":"post","2":"type-post","3":"status-publish","4":"format-standard","5":"has-post-thumbnail","7":"category-principais-noticias","8":"tag-breaking-news","9":"tag-breakingnews","10":"tag-featured-news","11":"tag-featurednews","12":"tag-headlines","13":"tag-latest-news","14":"tag-latestnews","15":"tag-main-news","16":"tag-mainnews","17":"tag-news","18":"tag-noticias","19":"tag-noticias-principais","20":"tag-noticiasprincipais","21":"tag-portugal","22":"tag-principais-noticias","23":"tag-principaisnoticias","24":"tag-pt","25":"tag-top-stories","26":"tag-topstories","27":"tag-ultimas","28":"tag-ultimas-noticias","29":"tag-ultimasnoticias"},"share_on_mastodon":{"url":"https:\/\/pubeurope.com\/@pt\/115673416528571034","error":""},"_links":{"self":[{"href":"https:\/\/www.europesays.com\/pt\/wp-json\/wp\/v2\/posts\/177788","targetHints":{"allow":["GET"]}}],"collection":[{"href":"https:\/\/www.europesays.com\/pt\/wp-json\/wp\/v2\/posts"}],"about":[{"href":"https:\/\/www.europesays.com\/pt\/wp-json\/wp\/v2\/types\/post"}],"author":[{"embeddable":true,"href":"https:\/\/www.europesays.com\/pt\/wp-json\/wp\/v2\/users\/2"}],"replies":[{"embeddable":true,"href":"https:\/\/www.europesays.com\/pt\/wp-json\/wp\/v2\/comments?post=177788"}],"version-history":[{"count":0,"href":"https:\/\/www.europesays.com\/pt\/wp-json\/wp\/v2\/posts\/177788\/revisions"}],"wp:featuredmedia":[{"embeddable":true,"href":"https:\/\/www.europesays.com\/pt\/wp-json\/wp\/v2\/media\/176587"}],"wp:attachment":[{"href":"https:\/\/www.europesays.com\/pt\/wp-json\/wp\/v2\/media?parent=177788"}],"wp:term":[{"taxonomy":"category","embeddable":true,"href":"https:\/\/www.europesays.com\/pt\/wp-json\/wp\/v2\/categories?post=177788"},{"taxonomy":"post_tag","embeddable":true,"href":"https:\/\/www.europesays.com\/pt\/wp-json\/wp\/v2\/tags?post=177788"}],"curies":[{"name":"wp","href":"https:\/\/api.w.org\/{rel}","templated":true}]}}