{"id":177793,"date":"2025-12-06T15:59:10","date_gmt":"2025-12-06T15:59:10","guid":{"rendered":"https:\/\/www.europesays.com\/pt\/177793\/"},"modified":"2025-12-06T15:59:10","modified_gmt":"2025-12-06T15:59:10","slug":"os-melhores-prompts-para-criar-fotos-profissionais-no-nano-banana","status":"publish","type":"post","link":"https:\/\/www.europesays.com\/pt\/177793\/","title":{"rendered":"Os melhores prompts para criar fotos profissionais no Nano-Banana"},"content":{"rendered":"<p>Criar fotos com intelig\u00eancia artificial (IA) frequentemente aparece em alta nas redes sociais. Ferramentas especializadas nessa cria\u00e7\u00e3o, como o Gemini\u00a02.5 Flash Image, conhecido como Nano-Banana, <strong>tamb\u00e9m oferecem op\u00e7\u00f5es para criar retratos profissionais<\/strong>.<\/p>\n<p>Ideal para <a href=\"https:\/\/www.infomoney.com.br\/tudo-sobre\/linkedin\/\" target=\"_blank\" rel=\"noreferrer noopener nofollow\">mudar a foto de perfil do LinkedIn<\/a>, se apresentar em sites e redes sociais, ou mesmo em perfis profissionais, a <a href=\"https:\/\/www.infomoney.com.br\/tudo-sobre\/inteligencia-artificial\/\" target=\"_blank\" rel=\"noreferrer noopener nofollow\">IA<\/a> pode ajudar quem n\u00e3o consegue tirar fotos em est\u00fadio ou simplesmente n\u00e3o encontra um retrato interessante na galeria.<\/p>\n<p>O\u00a0<a href=\"https:\/\/www.infomoney.com.br\/guias\/google-gemini\/\" rel=\"nofollow noopener\" target=\"_blank\">Gemini<\/a><strong>\u00a0<\/strong><a href=\"https:\/\/www.infomoney.com.br\/consumo\/nano-banana-google-fotos-como-funciona\/\" target=\"_blank\" rel=\"noreferrer noopener nofollow\">2.5 Flash Image (Nano-Banana)<\/a> pode ser uma <strong>op\u00e7\u00e3o gratuita para essa tentativa<\/strong>, com resultados melhores e mais r\u00e1pidos do que os oferecidos pelo sistema gratuito do <a href=\"https:\/\/www.infomoney.com.br\/guias\/chatgpt-o-que-e-como-funciona-e-como-utilizar-a-ferramenta\/\" target=\"_blank\" rel=\"noreferrer noopener nofollow\">ChatGPT<\/a>.<\/p>\n<p class=\"py-2\">Continua depois da publicidade<\/p>\n<p>Os modelos podem ser dos mais variados: em formato de est\u00fadio, cen\u00e1rio de escrit\u00f3rio e at\u00e9 ambiente descontra\u00eddo. Basta enviar uma foto de inspira\u00e7\u00e3o e um comando \u2014 tamb\u00e9m conhecido como <a href=\"https:\/\/www.infomoney.com.br\/guias\/prompts\/\" rel=\"nofollow noopener\" target=\"_blank\">prompt<\/a> \u2014 assertivo para <a href=\"https:\/\/www.infomoney.com.br\/tudo-sobre\/imagens\" target=\"_blank\" rel=\"noreferrer noopener nofollow\">conseguir uma imagem digna de est\u00fadios de fotografia<\/a>.<\/p>\n<p>De acordo com o Google, o Nano-Banana n\u00e3o exige comandos muito complexos para gerar imagens. No entanto, se h\u00e1 um objetivo j\u00e1 definido,<strong> prompts detalhados e claros  s\u00e3o essenciais para gerar os melhores resultados<\/strong>.<\/p>\n<p>Como criar fotos profissionais pelo Nano-Banana?<\/p>\n<p>Ap\u00f3s <a href=\"https:\/\/www.infomoney.com.br\/tudo-sobre\/inteligencia-artificial\/\" target=\"_blank\" rel=\"noreferrer noopener nofollow\">acessar o sistema do Google AI Studio<\/a> com a sua conta, basta <strong>iniciar uma nova conversa com o chat do Nano Banana<\/strong>. Ser\u00e1 necess\u00e1rio ter uma ou mais imagens de refer\u00eancia para alimentar o sistema.<\/p>\n<p>A primeira foto deve, preferencialmente, deixar o rosto evidente e n\u00e3o ter muitos elementos no fundo para uma melhor identifica\u00e7\u00e3o. <strong>Evite o uso de fotos de refer\u00eancia com outras pessoas que n\u00e3o sejam voc\u00ea para melhores resultados<\/strong> e esquivar de problemas com direitos de imagem.<\/p>\n<p>Se julgar necess\u00e1rio, o usu\u00e1rio tamb\u00e9m pode enviar uma foto de corpo caso deseje um resultado mais amplo ou at\u00e9 mesmo uma imagem do cen\u00e1rio para complementar a cena.<\/p>\n<p>Para criar fotos profissionais com IA, vale incluir no prompt o formato do corpo, cabelo, <a href=\"https:\/\/www.infomoney.com.br\/consumo\/como-identificar-videos-imagens-feitos-ia\/\" target=\"_blank\" rel=\"noreferrer noopener nofollow\">posi\u00e7\u00e3o do corpo e das m\u00e3os<\/a>, detalhes no cen\u00e1rio e ajustes na roupa. <\/p>\n<p class=\"py-2\">Continua depois da publicidade<\/p>\n<p>Os detalhes t\u00e9cnicos tamb\u00e9m s\u00e3o importantes, mas as informa\u00e7\u00f5es sempre podem ser adaptadas.<\/p>\n<p><strong>Veja tr\u00eas op\u00e7\u00f5es de prompts para foto profissional com o Nano-Banana<\/strong>:<\/p>\n<ul class=\"wp-block-list\">\n<li><strong>Ambiente corporativo<\/strong>: \u201cCom base na imagem que estou enviando, crie uma foto profissional de corpo inteiro de uma pessoa na faixa dos X anos, sorrindo com express\u00e3o amig\u00e1vel. \u00c9 essencial preservar as caracter\u00edsticas de identidade da imagem de refer\u00eancia. Ela est\u00e1 em um escrit\u00f3rio moderno, usa uma camisa social branca, sem gravata, e cal\u00e7as de alfaiataria azul marinho. O ambiente \u00e9 luminoso, com uma janela \u00e0 esquerda da imagem, iluminando o interior levemente. A imagem precisa ter cores ricas e profundas, em qualidade 8K\u201d;<\/li>\n<li><strong>Foto de \u201cest\u00fadio\u201d<\/strong>: \u201cCom base na imagem que estou enviando, crie um retrato profissional de uma pessoa na faixa dos X anos, com express\u00e3o amig\u00e1vel, mas sem sorrir. A pessoa deve aparecer do peito para cima e \u00e9 essencial preservar as caracter\u00edsticas de identidade da imagem de refer\u00eancia. O fundo deve ser s\u00f3lido em tom off white, com ilumina\u00e7\u00e3o alta e de est\u00fadio. A pessoa usa uma camisa social branca, sem gravata e um blazer cinza. A imagem precisa ter cores ricas e profundas, em qualidade 8K\u201d;<\/li>\n<li><strong>Imagem descontra\u00edda<\/strong>: \u201cCom base na imagem que estou enviando, crie uma foto profissional de corpo inteiro de uma pessoa na faixa dos X anos, sorrindo e descontra\u00edda. \u00c9 essencial preservar as caracter\u00edsticas de identidade da imagem de refer\u00eancia. Ela est\u00e1 em um ambiente aconchegante com plantas no fundo e usa uma camiseta em corte V na cor vinho, com cal\u00e7as jeans, e acess\u00f3rios dourados. O ambiente \u00e9 luminoso, com uma janela que iluminando o interior de forma natural. A imagem precisa ter cores ricas e profundas, em qualidade 8K\u201d.<\/li>\n<\/ul>\n","protected":false},"excerpt":{"rendered":"Criar fotos com intelig\u00eancia artificial (IA) frequentemente aparece em alta nas redes sociais. Ferramentas especializadas nessa cria\u00e7\u00e3o, como&hellip;\n","protected":false},"author":2,"featured_media":177794,"comment_status":"","ping_status":"","sticky":false,"template":"","format":"standard","meta":{"footnotes":""},"categories":[84],"tags":[109,107,108,2172,933,32,33,105,103,104,106,110],"class_list":{"0":"post-177793","1":"post","2":"type-post","3":"status-publish","4":"format-standard","5":"has-post-thumbnail","7":"category-ciencia-e-tecnologia","8":"tag-ciencia","9":"tag-ciencia-e-tecnologia","10":"tag-cienciaetecnologia","11":"tag-inovacao","12":"tag-inteligencia-artificial","13":"tag-portugal","14":"tag-pt","15":"tag-science","16":"tag-science-and-technology","17":"tag-scienceandtechnology","18":"tag-technology","19":"tag-tecnologia"},"share_on_mastodon":{"url":"https:\/\/pubeurope.com\/@pt\/115673456075409290","error":""},"_links":{"self":[{"href":"https:\/\/www.europesays.com\/pt\/wp-json\/wp\/v2\/posts\/177793","targetHints":{"allow":["GET"]}}],"collection":[{"href":"https:\/\/www.europesays.com\/pt\/wp-json\/wp\/v2\/posts"}],"about":[{"href":"https:\/\/www.europesays.com\/pt\/wp-json\/wp\/v2\/types\/post"}],"author":[{"embeddable":true,"href":"https:\/\/www.europesays.com\/pt\/wp-json\/wp\/v2\/users\/2"}],"replies":[{"embeddable":true,"href":"https:\/\/www.europesays.com\/pt\/wp-json\/wp\/v2\/comments?post=177793"}],"version-history":[{"count":0,"href":"https:\/\/www.europesays.com\/pt\/wp-json\/wp\/v2\/posts\/177793\/revisions"}],"wp:featuredmedia":[{"embeddable":true,"href":"https:\/\/www.europesays.com\/pt\/wp-json\/wp\/v2\/media\/177794"}],"wp:attachment":[{"href":"https:\/\/www.europesays.com\/pt\/wp-json\/wp\/v2\/media?parent=177793"}],"wp:term":[{"taxonomy":"category","embeddable":true,"href":"https:\/\/www.europesays.com\/pt\/wp-json\/wp\/v2\/categories?post=177793"},{"taxonomy":"post_tag","embeddable":true,"href":"https:\/\/www.europesays.com\/pt\/wp-json\/wp\/v2\/tags?post=177793"}],"curies":[{"name":"wp","href":"https:\/\/api.w.org\/{rel}","templated":true}]}}