{"id":177811,"date":"2025-12-06T16:19:15","date_gmt":"2025-12-06T16:19:15","guid":{"rendered":"https:\/\/www.europesays.com\/pt\/177811\/"},"modified":"2025-12-06T16:19:15","modified_gmt":"2025-12-06T16:19:15","slug":"portugal-goleia-argentina-e-vai-defrontar-o-brasil-na-final-do-mundial-de-futsal-feminino","status":"publish","type":"post","link":"https:\/\/www.europesays.com\/pt\/177811\/","title":{"rendered":"Portugal goleia Argentina e vai defrontar o Brasil na final do Mundial de futsal feminino"},"content":{"rendered":"<p>A Sele\u00e7\u00e3o Nacional fez hist\u00f3ria esta sexta-feira ao golear a Argentina, por 7-1, e garantir vaga na final do Mundial de futsal feminino.<\/p>\n<p>Dando continuidade a um percurso praticamente imaculado, onde j\u00e1 tinha goleado Tanz\u00e2nia (10-0), Nova Zel\u00e2ndia (10-0) e It\u00e1lia (7-2), Portugal, que foi a jogo com Ana Catarina, Kika, Ana Azevedo, Carolina Pedreira e L\u00eddia Moreira, come\u00e7ou a construir mais um resultado para recordar logo no primeiro minuto, por interm\u00e9dio de L\u00eddia Moreira.<\/p>\n<p>Fif\u00f3 dilatou a vantagem aos 6&#8242;, L\u00eddia Moreira bisou aos 8&#8242;, e Janice Silva (9&#8242;), Fif\u00f3 (9&#8242;), Ana Azevedo (14&#8242;) e In\u00eas Matos (20&#8242;) deram volume ao triunfo. Romero, j\u00e1 no \u00faltimo suspiro, reduziu (38&#8242;).<\/p>\n<p>Na final (domingo, 11h30), Portugal medir\u00e1 for\u00e7as com o Brasil, que na outra meia-final levou a melhor sobre a sele\u00e7\u00e3o espanhola, por 4-1.<\/p>\n<p><b>(not\u00edcia atualizada \u00e0s 14h06 com o advers\u00e1rio de Portugal na final)<\/b><\/p>\n","protected":false},"excerpt":{"rendered":"A Sele\u00e7\u00e3o Nacional fez hist\u00f3ria esta sexta-feira ao golear a Argentina, por 7-1, e garantir vaga na final&hellip;\n","protected":false},"author":2,"featured_media":177812,"comment_status":"","ping_status":"","sticky":false,"template":"","format":"standard","meta":{"footnotes":""},"categories":[8],"tags":[27,28,15,16,14,25,26,21,22,12,13,19,20,32,23,24,33,17,18,29,30,31],"class_list":{"0":"post-177811","1":"post","2":"type-post","3":"status-publish","4":"format-standard","5":"has-post-thumbnail","7":"category-principais-noticias","8":"tag-breaking-news","9":"tag-breakingnews","10":"tag-featured-news","11":"tag-featurednews","12":"tag-headlines","13":"tag-latest-news","14":"tag-latestnews","15":"tag-main-news","16":"tag-mainnews","17":"tag-news","18":"tag-noticias","19":"tag-noticias-principais","20":"tag-noticiasprincipais","21":"tag-portugal","22":"tag-principais-noticias","23":"tag-principaisnoticias","24":"tag-pt","25":"tag-top-stories","26":"tag-topstories","27":"tag-ultimas","28":"tag-ultimas-noticias","29":"tag-ultimasnoticias"},"share_on_mastodon":{"url":"https:\/\/pubeurope.com\/@pt\/115673534665154787","error":""},"_links":{"self":[{"href":"https:\/\/www.europesays.com\/pt\/wp-json\/wp\/v2\/posts\/177811","targetHints":{"allow":["GET"]}}],"collection":[{"href":"https:\/\/www.europesays.com\/pt\/wp-json\/wp\/v2\/posts"}],"about":[{"href":"https:\/\/www.europesays.com\/pt\/wp-json\/wp\/v2\/types\/post"}],"author":[{"embeddable":true,"href":"https:\/\/www.europesays.com\/pt\/wp-json\/wp\/v2\/users\/2"}],"replies":[{"embeddable":true,"href":"https:\/\/www.europesays.com\/pt\/wp-json\/wp\/v2\/comments?post=177811"}],"version-history":[{"count":0,"href":"https:\/\/www.europesays.com\/pt\/wp-json\/wp\/v2\/posts\/177811\/revisions"}],"wp:featuredmedia":[{"embeddable":true,"href":"https:\/\/www.europesays.com\/pt\/wp-json\/wp\/v2\/media\/177812"}],"wp:attachment":[{"href":"https:\/\/www.europesays.com\/pt\/wp-json\/wp\/v2\/media?parent=177811"}],"wp:term":[{"taxonomy":"category","embeddable":true,"href":"https:\/\/www.europesays.com\/pt\/wp-json\/wp\/v2\/categories?post=177811"},{"taxonomy":"post_tag","embeddable":true,"href":"https:\/\/www.europesays.com\/pt\/wp-json\/wp\/v2\/tags?post=177811"}],"curies":[{"name":"wp","href":"https:\/\/api.w.org\/{rel}","templated":true}]}}