{"id":177825,"date":"2025-12-06T16:35:08","date_gmt":"2025-12-06T16:35:08","guid":{"rendered":"https:\/\/www.europesays.com\/pt\/177825\/"},"modified":"2025-12-06T16:35:08","modified_gmt":"2025-12-06T16:35:08","slug":"urgencias-tempos-de-espera-de-quase-11-horas-no-hospital-amadora-sintra","status":"publish","type":"post","link":"https:\/\/www.europesays.com\/pt\/177825\/","title":{"rendered":"Urg\u00eancias. Tempos de espera de quase 11 horas no Hospital Amadora-Sintra"},"content":{"rendered":"<p>                A situa\u00e7\u00e3o mais grave \u00e9\u00a0no Hospital Amadora-Sintra e em Loures. <\/p>\n<p><b>Pelas 13h00 estavam cerca de 80 utentes na urg\u00eancia geral do Hospital Amadora-Sintra com uma previs\u00e3o de 11 horas de espera para uma primeira observa\u00e7\u00e3o m\u00e9dica<\/b>.\u00c0 RTP, o hospital garantiu que prev\u00ea ter a situa\u00e7\u00e3o normalizada durante a tarde deste s\u00e1bado.<\/p>\n<p>Em causa estar\u00e1 um pico de aflu\u00eancia \u00e0s urg\u00eancias devido a doen\u00e7as respirat\u00f3rias, informa\u00e7\u00e3o tamb\u00e9m confirmada pelo Instituto Ricardo Jorge, que adianta que <b>a gripe chegou a Portugal mais cedo e est\u00e1 em &#8220;fase ascendente&#8221;<\/b>.\u00a0&#13;\n<\/p>\n<p>O hospital garante ter as escalas preenchidas, mas com mais profissionais de sa\u00fade o servi\u00e7o de urg\u00eancia seria mais eficiente.<br \/>\n          <img decoding=\"async\" itemprop=\"image\" class=\"img-fluid\"   src=\"https:\/\/www.europesays.com\/pt\/wp-content\/uploads\/2025\/12\/572b2e03712016f4e9f18201a4c18854_N.jpg\"\/><\/p>\n<p><b>Tamb\u00e9m em Loures, um doente com pulseira verde pode esperar mais de 15 horas para ser atendido<\/b>.<\/p>\n<p>J\u00e1 no Hospital Santa Maria e no S\u00e3o Jos\u00e9, em Lisboa, os doentes urgentes esperam entre quatro e cinco horas. <\/p>\n<p>&#13;<br \/>\nNo Porto, no Hospital de S\u00e3o Jo\u00e3o, o tempo de espera aproxima-se da hora e meia.&#13;\n<\/p>\n<p>Quatro urg\u00eancias obst\u00e9tricas fechadas no s\u00e1bado e tr\u00eas no domingo<br \/>\nQuatro servi\u00e7os de urg\u00eancia de obstetr\u00edcia e ginecologia v\u00e3o estar fechados este s\u00e1bado, enquanto no domingo estar\u00e3o encerradas tr\u00eas urg\u00eancias obst\u00e9tricas, segundo o Portal do Servi\u00e7o Nacional de Sa\u00fade (SNS).<\/p>\n<p>No s\u00e1bado encerram as urg\u00eancias desta especialidade nos hospitais de Portim\u00e3o (distrito de Faro), Barreiro (distrito de Set\u00fabal), Set\u00fabal e Braga, de acordo com as escalas consultadas pela ag\u00eancia Lusa \u00e0s 12h00 de hoje.A situa\u00e7\u00e3o melhora no domingo, com o encerramento dos servi\u00e7os de urg\u00eancia de ginecologia e obstetr\u00edcia dos hospitais de Portim\u00e3o, Barreiro e Vila Franca de Xira (distrito de Lisboa).<br \/>&#13;<br \/>\n&#13;\n<\/p>\n<p>Por seu lado, no s\u00e1bado, as urg\u00eancias de obstetr\u00edcia dos hospitais de Braga, Vila Franca de Xira, Aveiro, Santar\u00e9m, S\u00e3o Francisco Xavier (Lisboa) e Leiria v\u00e3o funcionar de forma condicionada, recebendo apenas casos encaminhados pelo CODU\/INEM.<\/p>\n<p><b>Tamb\u00e9m no domingo est\u00e3o referenciadas as urg\u00eancias de obstetr\u00edcia de Braga, Santar\u00e9m, Aveiro, Leiria e S\u00e3o Francisco Xavier<\/b>.<\/p>\n<p>Durante o fim de semana, as urg\u00eancias pedi\u00e1tricas dos hospitais de Vila Franca de Xira, Esposende (distrito de Braga), Beatriz \u00c2ngelo, em Loures, v\u00e3o funcionar com restri\u00e7\u00f5es, atendendo apenas casos referenciados pelo Instituto Nacional de Emerg\u00eancia M\u00e9dica (INEM).<\/p>\n<p>Segundo as escalas publicadas, no s\u00e1bado estar\u00e3o abertos 132 servi\u00e7os de urg\u00eancia em todo o pa\u00eds, al\u00e9m de 28 unidades que funcionam no \u00e2mbito do projeto-piloto que obriga as utentes a contactar previamente a Linha SNS 24.<\/p>\n<p>No domingo, estar\u00e3o dispon\u00edveis 133 urg\u00eancias e 27 unidades do projeto-piloto.&#13;\n<\/p>\n<p>&#13;<br \/>\nc\/ Lusa<br \/>&#13;<\/p>\n","protected":false},"excerpt":{"rendered":"A situa\u00e7\u00e3o mais grave \u00e9\u00a0no Hospital Amadora-Sintra e em Loures. Pelas 13h00 estavam cerca de 80 utentes na&hellip;\n","protected":false},"author":2,"featured_media":177826,"comment_status":"","ping_status":"","sticky":false,"template":"","format":"standard","meta":{"footnotes":""},"categories":[10],"tags":[2489,27,28,15,16,1418,14,2648,25,26,2432,21,22,12,13,19,20,32,23,24,33,17,18,29,30,31,6954],"class_list":{"0":"post-177825","1":"post","2":"type-post","3":"status-publish","4":"format-standard","5":"has-post-thumbnail","7":"category-portugal","8":"tag-amadora-sintra","9":"tag-breaking-news","10":"tag-breakingnews","11":"tag-featured-news","12":"tag-featurednews","13":"tag-gripe","14":"tag-headlines","15":"tag-hospitais","16":"tag-latest-news","17":"tag-latestnews","18":"tag-loures","19":"tag-main-news","20":"tag-mainnews","21":"tag-news","22":"tag-noticias","23":"tag-noticias-principais","24":"tag-noticiasprincipais","25":"tag-portugal","26":"tag-principais-noticias","27":"tag-principaisnoticias","28":"tag-pt","29":"tag-top-stories","30":"tag-topstories","31":"tag-ultimas","32":"tag-ultimas-noticias","33":"tag-ultimasnoticias","34":"tag-urgencias"},"share_on_mastodon":{"url":"https:\/\/pubeurope.com\/@pt\/115673597702111552","error":""},"_links":{"self":[{"href":"https:\/\/www.europesays.com\/pt\/wp-json\/wp\/v2\/posts\/177825","targetHints":{"allow":["GET"]}}],"collection":[{"href":"https:\/\/www.europesays.com\/pt\/wp-json\/wp\/v2\/posts"}],"about":[{"href":"https:\/\/www.europesays.com\/pt\/wp-json\/wp\/v2\/types\/post"}],"author":[{"embeddable":true,"href":"https:\/\/www.europesays.com\/pt\/wp-json\/wp\/v2\/users\/2"}],"replies":[{"embeddable":true,"href":"https:\/\/www.europesays.com\/pt\/wp-json\/wp\/v2\/comments?post=177825"}],"version-history":[{"count":0,"href":"https:\/\/www.europesays.com\/pt\/wp-json\/wp\/v2\/posts\/177825\/revisions"}],"wp:featuredmedia":[{"embeddable":true,"href":"https:\/\/www.europesays.com\/pt\/wp-json\/wp\/v2\/media\/177826"}],"wp:attachment":[{"href":"https:\/\/www.europesays.com\/pt\/wp-json\/wp\/v2\/media?parent=177825"}],"wp:term":[{"taxonomy":"category","embeddable":true,"href":"https:\/\/www.europesays.com\/pt\/wp-json\/wp\/v2\/categories?post=177825"},{"taxonomy":"post_tag","embeddable":true,"href":"https:\/\/www.europesays.com\/pt\/wp-json\/wp\/v2\/tags?post=177825"}],"curies":[{"name":"wp","href":"https:\/\/api.w.org\/{rel}","templated":true}]}}