{"id":177830,"date":"2025-12-06T16:44:10","date_gmt":"2025-12-06T16:44:10","guid":{"rendered":"https:\/\/www.europesays.com\/pt\/177830\/"},"modified":"2025-12-06T16:44:10","modified_gmt":"2025-12-06T16:44:10","slug":"fc-porto-interessado-em-jovem-promessa-do-santos","status":"publish","type":"post","link":"https:\/\/www.europesays.com\/pt\/177830\/","title":{"rendered":"FC Porto interessado em jovem promessa do Santos"},"content":{"rendered":"<p>&#8211; Advertisement &#8211;<\/p>\n<p><strong>O FC Porto est\u00e1 interessado em garantir a contrata\u00e7\u00e3o de JP Chermont, jovem promessa que faz parte dos quadros do Santos.<\/strong><\/p>\n<p>JP Chermont \u00e9 alvo do FC Porto. De acordo com a ESPN, o emblema do Drag\u00e3o est\u00e1 interessado no jovem que pertence ao Santos. A mesma fonte de informa\u00e7\u00e3o indica que o conjunto da Vila Belmiro dever\u00e1 ter que vender uma das suas promessas, para estabilizar a situa\u00e7\u00e3o financeira.<\/p>\n<p>O jovem tem 19 anos e atua como lateral direito, sendo uma op\u00e7\u00e3o recorrente para Juan Pablo Vojvoda. JP Chermont soma em 2025 um total de 14 encontros, com uma assist\u00eancia, atuando em mais seis ocasi\u00f5es pelos Sub-20.<\/p>\n<p>O jogador termina contrato em dezembro de 2027 e tem um valor de mercado de tr\u00eas milh\u00f5es de euros, segundo o Transfermarkt. Alberto Costa e <a href=\"https:\/\/bolanarede.pt\/etiqueta\/martim-fernandes\/\" target=\"_blank\" rel=\"noreferrer noopener nofollow\">Martim Fernandes<\/a> s\u00e3o os atuais laterais direitos do FC Porto.<\/p>\n<blockquote class=\"twitter-tweet\" data-width=\"550\" data-dnt=\"true\">\n<p lang=\"pt\" dir=\"ltr\">Santos fez uma an\u00e1lise profunda nas suas contas e diagnosticou que ter\u00e1 que vender pelo menos uma joia da base em 2026.<\/p>\n<p>O nome mais cotado \u00e9 o do lateral-direito JP Chermont, que foi procurado pelo Porto recentemente.<\/p>\n<p>\ud83d\uddde <a href=\"https:\/\/twitter.com\/ESPNBrasil?ref_src=twsrc%5Etfw\" rel=\"nofollow noopener\" target=\"_blank\">@ESPNBrasil<\/a> <br \/>\ud83d\udcf8 SFC <a href=\"https:\/\/t.co\/8hd7ROZrsS\" rel=\"nofollow\">pic.twitter.com\/8hd7ROZrsS<\/a><\/p>\n<p>\u2014 Planeta do Futebol \ud83c\udf0e (@futebol_info) <a href=\"https:\/\/twitter.com\/futebol_info\/status\/1997104139633938451?ref_src=twsrc%5Etfw\" rel=\"nofollow noopener\" target=\"_blank\">December 6, 2025<\/a><\/p><\/blockquote>\n<p><script async src=\"https:\/\/platform.twitter.com\/widgets.js\" charset=\"utf-8\"><\/script><\/p>\n","protected":false},"excerpt":{"rendered":"&#8211; Advertisement &#8211; O FC Porto est\u00e1 interessado em garantir a contrata\u00e7\u00e3o de JP Chermont, jovem promessa que&hellip;\n","protected":false},"author":2,"featured_media":136907,"comment_status":"","ping_status":"","sticky":false,"template":"","format":"standard","meta":{"footnotes":""},"categories":[87],"tags":[260,135,478,282,16780,32,33,7982,134],"class_list":{"0":"post-177830","1":"post","2":"type-post","3":"status-publish","4":"format-standard","5":"has-post-thumbnail","7":"category-desporto","8":"tag-atualidade","9":"tag-desporto","10":"tag-destaques-bnr","11":"tag-fc-porto","12":"tag-jp-chermont","13":"tag-portugal","14":"tag-pt","15":"tag-santos","16":"tag-sports"},"share_on_mastodon":{"url":"https:\/\/pubeurope.com\/@pt\/115673632841151442","error":""},"_links":{"self":[{"href":"https:\/\/www.europesays.com\/pt\/wp-json\/wp\/v2\/posts\/177830","targetHints":{"allow":["GET"]}}],"collection":[{"href":"https:\/\/www.europesays.com\/pt\/wp-json\/wp\/v2\/posts"}],"about":[{"href":"https:\/\/www.europesays.com\/pt\/wp-json\/wp\/v2\/types\/post"}],"author":[{"embeddable":true,"href":"https:\/\/www.europesays.com\/pt\/wp-json\/wp\/v2\/users\/2"}],"replies":[{"embeddable":true,"href":"https:\/\/www.europesays.com\/pt\/wp-json\/wp\/v2\/comments?post=177830"}],"version-history":[{"count":0,"href":"https:\/\/www.europesays.com\/pt\/wp-json\/wp\/v2\/posts\/177830\/revisions"}],"wp:featuredmedia":[{"embeddable":true,"href":"https:\/\/www.europesays.com\/pt\/wp-json\/wp\/v2\/media\/136907"}],"wp:attachment":[{"href":"https:\/\/www.europesays.com\/pt\/wp-json\/wp\/v2\/media?parent=177830"}],"wp:term":[{"taxonomy":"category","embeddable":true,"href":"https:\/\/www.europesays.com\/pt\/wp-json\/wp\/v2\/categories?post=177830"},{"taxonomy":"post_tag","embeddable":true,"href":"https:\/\/www.europesays.com\/pt\/wp-json\/wp\/v2\/tags?post=177830"}],"curies":[{"name":"wp","href":"https:\/\/api.w.org\/{rel}","templated":true}]}}