{"id":177831,"date":"2025-12-06T16:46:26","date_gmt":"2025-12-06T16:46:26","guid":{"rendered":"https:\/\/www.europesays.com\/pt\/177831\/"},"modified":"2025-12-06T16:46:26","modified_gmt":"2025-12-06T16:46:26","slug":"fim-de-semana-na-tv-amy-winehouse-cicero-e-joao-gil-tv","status":"publish","type":"post","link":"https:\/\/www.europesays.com\/pt\/177831\/","title":{"rendered":"Fim-de-semana na TV: Amy Winehouse, C\u00edcero e Jo\u00e3o Gil | TV"},"content":{"rendered":"<p>CINEMA<\/p>\n<p dir=\"ltr\"><strong><a href=\"https:\/\/cinecartaz.publico.pt\/filme\/confessa-fletch-409017\" rel=\"nofollow noopener\" target=\"_blank\">Confessa, Fletch<\/a><br \/>Star Comedy, s\u00e1bado, 00h20<\/strong><\/p>\n<p dir=\"ltr\">Outrora jornalista de investiga\u00e7\u00e3o, Irwin M. Fletcher tornou-se detective privado. \u00c9 exactamente nessa fun\u00e7\u00e3o que \u00e9 contratado por uma multimilion\u00e1ria italiana, por sinal sua namorada, para descobrir quem roubou a colec\u00e7\u00e3o de arte do pai. Para complicar, durante a investiga\u00e7\u00e3o do furto, Fletcher \u00e9 incriminado pelo assassinato de uma mulher. Agora, de modo a provar a sua inoc\u00eancia, ele tem de usar os seus dotes de investigador e encontrar os respons\u00e1veis pelos dois crimes. Uma com\u00e9dia policial escrita e realizada por Greg Mottola (Super Baldas) que adapta ao grande ecr\u00e3 a mais famosa personagem criada por Gregory McDonald (1937-2008), a quem tinha sido dada vida por Chevy Chase nos anos 1980. Jon Hamm, Caitlin Zerra Rose, Roy Wood Jr., Ayden Mayeri e Lorenza Izzo assumem os pap\u00e9is principais.<\/p>\n<p dir=\"ltr\"><strong><a href=\"https:\/\/cinecartaz.publico.pt\/filme\/gestos-e-fragmentos-19395\" rel=\"nofollow noopener\" target=\"_blank\">Gestos e Fragmentos &#8211; Ensaio Sobre os Militares e o Poder<\/a><br \/>RTP2, s\u00e1bado, 00h34<\/strong><\/p>\n<p dir=\"ltr\">Este filme de 1982 foi rodado por Alberto Seixas Santos uma d\u00e9cada depois da passagem \u00e0 democracia. \u00c9 um documento hist\u00f3rico a tr\u00eas vozes, que analisa o processo revolucion\u00e1rio a partir as perspectivas do capit\u00e3o de Abril Otelo Saraiva de Carvalho, do acad\u00e9mico Eduardo Louren\u00e7o e do realizador Robert Kramer.<\/p>\n<p dir=\"ltr\"><strong><a href=\"https:\/\/cinecartaz.publico.pt\/filme\/back-to-black-411756\" rel=\"nofollow noopener\" target=\"_blank\">Back to Black<\/a><br \/>TVCine Top, domingo, 21h30<\/strong><\/p>\n<p dir=\"ltr\">Nascida a 14 de Setembro de 1983, em Londres, no seio de uma fam\u00edlia ligada ao jazz, desde muito jovem que Amy Winehouse demonstrou um enorme talento. Multiinstrumentista, com a sua voz \u00fanica e estilo musical que combina soul, jazz e r&amp;b, Winehouse alcan\u00e7ou cedo fama internacional. Mas, apesar de seu enorme talento e reconhecimento da cr\u00edtica e dos f\u00e3s, ela debateu-se longamente com problemas com drogas e \u00e1lcool. Apesar da sua morte prematura, no dia 23 de Julho de 2011 devido a uma intoxica\u00e7\u00e3o alco\u00f3lica, Amy deixou uma marca na m\u00fasica contempor\u00e2nea, especialmente com o seu segundo e \u00faltimo \u00e1lbum, Back to Black (2006), que lhe valeu seis Grammy. Escrito por Matt Greenhalgh e realizado por Sam Taylor-Johnson \u2014 autora de Nowhere Boy, sobre um John Lennon adolescente, ou As Cinquenta Sombras de Grey \u2014, conta com Marisa Abela \u00e0 frente de um elenco que inclui Jack O\u2019Connell, Eddie Marsan, Juliet Cowan e Lesley Manville.<\/p>\n<p>DOCUMENT\u00c1RIOS<\/p>\n<p dir=\"ltr\"><strong>Zonas H\u00famidas: Santu\u00e1rios Ef\u00e9meros<br \/>Odisseia, s\u00e1bado, 22h30<\/strong><\/p>\n<p dir=\"ltr\">Estreia. \u00c0 volta do mundo, h\u00e1 zonas h\u00famidas que ciclicamente ficam secas. Outras vezes, s\u00e3o assoladas por cheias. Esta s\u00e9rie documental \u00e9 justamente sobre isso, do pantanal brasileiro ao Parque Do\u00f1ana em Espanha, passando pelos Everglades, na Fl\u00f3rida, Estados Unidos. O primeiro epis\u00f3dio \u00e9 sobre Kakadu, na Austr\u00e1lia, um santu\u00e1rio que existe no meio de desertos \u00e1ridos, com v\u00e1rias partes cheias de \u00e1gua, chuvas e uma rica selva. \u00c9 a\u00ed que vivem dez mil dos crocodilos mais amea\u00e7adores que existem no mundo. A s\u00e9rie, datada de 2024, passa todos os s\u00e1bados at\u00e9 dia 27.<\/p>\n<p dir=\"ltr\"><strong>Lively vs Baldoni: The Hollywood Feud<br \/>TLC, s\u00e1bado, 20h50<\/strong><\/p>\n<p dir=\"ltr\">Estreia. No ano passado, Justin Baldoni realizou e protagonizou, ao lado de Blake Lively, Isto Acaba Aqui, uma adapta\u00e7\u00e3o do best-seller hom\u00f3nimo de Colleen Hoover. N\u00e3o foi uma colabora\u00e7\u00e3o harmoniosa: no final do ano, Lively processou tanto a produtora de Baldoni quanto o pr\u00f3prio, com acusa\u00e7\u00f5es de ass\u00e9dio sexual e intimida\u00e7\u00e3o. Por sua vez, Baldoni processou Lively, o seu marido Ryan Reynolds, bem como o jornal The New York Times, por ter ficado do lado da actriz. A hist\u00f3ria \u00e9 contada neste document\u00e1rio tamb\u00e9m dispon\u00edvel na HBO Max.<\/p>\n<p dir=\"ltr\"><strong><a href=\"https:\/\/cinecartaz.publico.pt\/filme\/juventude-primavera-413563\" rel=\"nofollow noopener\" target=\"_blank\">Juventude &#8211; Primavera<\/a><br \/>TVCine Edition, domingo, 22h<\/strong><\/p>\n<p dir=\"ltr\">Realizado pelo cineasta chin\u00eas Wang Bing \u2013 tamb\u00e9m respons\u00e1vel por A Fossa, Tr\u00eas Irm\u00e3s e Almas Mortas \u2013, este document\u00e1rio, estreado no Festival de Veneza, divide-se em tr\u00eas partes e retrata as dificuldades enfrentadas por jovens de v\u00e1rias zonas rurais da China que se mudam para Zhili, a 150 quil\u00f3metros de Pequim, para trabalharem em f\u00e1bricas t\u00eaxteis. Juventude &#8211; Primavera, a primeira parte, acompanha o quotidiano dos trabalhadores migrantes e dos patr\u00f5es que os contratam, revelando os seus receios, ambi\u00e7\u00f5es e sonhos para o futuro. Seguem-se, nas pr\u00f3ximas semanas, os dois outros cap\u00edtulos: Juventude &#8211; Tempos Dif\u00edceis e Juventude &#8211; Regresso a Casa.<\/p>\n<p dir=\"ltr\"><strong>Idade do Gelo: Mundo Congelado<br \/>Odisseia, domingo, 16h<\/strong><\/p>\n<p dir=\"ltr\">O explorador e naturalista Steve Backshall e a apresentadora Michael Strachan guiam-nos pela Idade do Gelo nesta s\u00e9rie documental dividida em tr\u00eas partes, com imagens recolhidas \u00e0 volta do mundo, modelos virtuais e depoimentos de especialistas no assunto. O primeiro epis\u00f3dio foca feras grandes, animais como o tigre-dentes-de-sabre ou o mamute-lanoso. J\u00e1 o segundo, que passa logo a seguir, conta-nos como eram os primeiros humanos. O terceiro, dedicado ao grande degelo que p\u00f4s fim a essa idade, chega para a semana.<\/p>\n<p dir=\"ltr\"><strong>Winter of the Bear<br \/>Nat Geo Wild, domingo, 17h<\/strong><\/p>\n<p dir=\"ltr\">Estreia. Como \u00e9 que os ursos preparam o Inverno? Este document\u00e1rio tenta responder a isso, olhando para uma fam\u00edlia de ursos no norte da Finl\u00e2ndia. No Ver\u00e3o, que dura sempre pouco tempo, ela prepara as suas crias para o frio que a\u00ed vem, ensinando-as a comer, a defenderem-se de machos perigosos durante a \u00e9poca de acasalamento e de lobos que querem ficar com a comida deles.<\/p>\n<p>DAN\u00c7A<\/p>\n<p dir=\"ltr\"><strong>O Vermelho e o Negro pela \u00d3pera de Paris<br \/>RTP2, s\u00e1bado, 22h<\/strong><\/p>\n<p dir=\"ltr\">A partir do romance psicol\u00f3gico do franc\u00eas Stendahl, publicado em 1830, o core\u00f3grafo seu compatriota montou em 2021, na Op\u00e9ra National de Paris, este bailado em tr\u00eas actos com libreto de Pierre Lacotte. Centra-se num jovem de 18 anos que entra no mundo da aristocracia do in\u00edcio do s\u00e9culo XIX. A m\u00fasica \u00e9 adaptada por Beno\u00eet Menut a partir da obra de Jules Massenet.<\/p>\n<p>CONCURSO<\/p>\n<p dir=\"ltr\"><strong>Masterchef Portugal<br \/>RTP1, s\u00e1bado, 21h11<\/strong><\/p>\n<p dir=\"ltr\">Chega \u00e0 sexta temporada o concurso de culin\u00e1ria que tem Rui Paula, Marlene Vieira e Diogo Rocha como jurados, al\u00e9m de v\u00e1rios convidados. Nesta \u00e9poca, o foco \u00e9 a cozinha sustent\u00e1vel, articulada com produtos nacionais.<\/p>\n<p>DESPORTO<\/p>\n<p dir=\"ltr\"><strong>F\u00f3rmula E: Campeonato do Mundo<br \/>HBO Max, s\u00e1bado, streaming\/Eurosport, 22h<\/strong><\/p>\n<p dir=\"ltr\">A 12.\u00aa edi\u00e7\u00e3o do campeonato da Federa\u00e7\u00e3o Internacional de Automobilismo, em que correm carros el\u00e9ctricos s\u00f3 com um lugar, arranca agora com o ePrix de S\u00e3o Paulo, Brasil. Estender-se-\u00e1 at\u00e9 Agosto, em Londres, a capital do Reino Unido.<\/p>\n<p>M\u00daSICA<\/p>\n<p dir=\"ltr\"><strong>C\u00edcero &#8211; Concerto 1<br \/>RTP2, domingo, 00h08<\/strong><\/p>\n<p dir=\"ltr\">Este ano, C\u00edcero (Rosa Lins), o cantor e compositor brasileiro que se estreou em 2011 com Can\u00e7\u00f5es de Apartamento, imaginou novos arranjos para dez das suas can\u00e7\u00f5es mais emblem\u00e1ticas. O resultado foi um disco e um concerto que vai passar este m\u00eas por Lisboa, Vale de Cambra e Amarante. Este curto document\u00e1rio acompanha a grava\u00e7\u00e3o e a apresenta\u00e7\u00e3o do disco.<\/p>\n<p dir=\"ltr\"><strong>Jo\u00e3o Gil \u2013 Caixa de Luz<br \/>RTP2, domingo, 00h36<\/strong><\/p>\n<p dir=\"ltr\">Estreia. Jo\u00e3o Gil assinalou, em 2022, 46 anos de carreira com o \u00e1lbum 46 JG 22, que foi tamb\u00e9m pretexto para um concerto no Coliseu dos Recreios, em que desfilou por composi\u00e7\u00f5es suas, seja no Trovante, na Ala dos Namorados, Rio Grande ou a solo.<\/p>\n<p>INFANTIL<\/p>\n<p dir=\"ltr\"><strong>The First Snow of Fraggle Rock<br \/>Apple TV+, s\u00e1bado, streaming<\/strong><\/p>\n<p dir=\"ltr\">Estreia. Esta cria\u00e7\u00e3o com fantoches de Jim Henson, que durou originalmente entre 1983 e 1987, voltou em 2022, feito para a Apple TV+, largos anos ap\u00f3s o desaparecimento prematuro do seu mentor. Ganha agora um especial de Natal.<\/p>\n<p dir=\"ltr\"><strong>Digimon Adventure &#8211; A \u00daltima Evolu\u00e7\u00e3o Kizuna (VP)<br \/>Panda Kids, domingo, 13h<\/strong><\/p>\n<p dir=\"ltr\">A saga Digimon Adventure, iniciada em 1999 na s\u00e9rie de anime criada por Akiyoshi Hongo e centrada num grupo de mi\u00fados e nas suas aventuras com monstros digitais, chega ao fim neste filme de 2020. \u00c9 a conclus\u00e3o das duas primeiras s\u00e9ries deste universo. Passado em 2010, v\u00ea os protagonistas a crescerem, j\u00e1 na faculdade, e a bra\u00e7os com a amea\u00e7a do vil\u00e3o Eosmon, que tenta roubar-lhes a consci\u00eancia. Um filme de Tomohisa Taguchi.<\/p>\n<p>        &#13;<\/p>\n<p>&#13;<br \/>\n                &#13;\n            <\/p>\n<p>&#13;<\/p>\n","protected":false},"excerpt":{"rendered":"CINEMA Confessa, FletchStar Comedy, s\u00e1bado, 00h20 Outrora jornalista de investiga\u00e7\u00e3o, Irwin M. Fletcher tornou-se detective privado. \u00c9 exactamente&hellip;\n","protected":false},"author":2,"featured_media":177832,"comment_status":"","ping_status":"","sticky":false,"template":"","format":"standard","meta":{"footnotes":""},"categories":[85],"tags":[315,1413,114,115,294,32,33,291,218,151],"class_list":{"0":"post-177831","1":"post","2":"type-post","3":"status-publish","4":"format-standard","5":"has-post-thumbnail","7":"category-entretenimento","8":"tag-cultura","9":"tag-cultura-ipsilon","10":"tag-entertainment","11":"tag-entretenimento","12":"tag-lazer","13":"tag-portugal","14":"tag-pt","15":"tag-relaxar","16":"tag-televisao","17":"tag-tv"},"share_on_mastodon":{"url":"https:\/\/pubeurope.com\/@pt\/115673640762967604","error":""},"_links":{"self":[{"href":"https:\/\/www.europesays.com\/pt\/wp-json\/wp\/v2\/posts\/177831","targetHints":{"allow":["GET"]}}],"collection":[{"href":"https:\/\/www.europesays.com\/pt\/wp-json\/wp\/v2\/posts"}],"about":[{"href":"https:\/\/www.europesays.com\/pt\/wp-json\/wp\/v2\/types\/post"}],"author":[{"embeddable":true,"href":"https:\/\/www.europesays.com\/pt\/wp-json\/wp\/v2\/users\/2"}],"replies":[{"embeddable":true,"href":"https:\/\/www.europesays.com\/pt\/wp-json\/wp\/v2\/comments?post=177831"}],"version-history":[{"count":0,"href":"https:\/\/www.europesays.com\/pt\/wp-json\/wp\/v2\/posts\/177831\/revisions"}],"wp:featuredmedia":[{"embeddable":true,"href":"https:\/\/www.europesays.com\/pt\/wp-json\/wp\/v2\/media\/177832"}],"wp:attachment":[{"href":"https:\/\/www.europesays.com\/pt\/wp-json\/wp\/v2\/media?parent=177831"}],"wp:term":[{"taxonomy":"category","embeddable":true,"href":"https:\/\/www.europesays.com\/pt\/wp-json\/wp\/v2\/categories?post=177831"},{"taxonomy":"post_tag","embeddable":true,"href":"https:\/\/www.europesays.com\/pt\/wp-json\/wp\/v2\/tags?post=177831"}],"curies":[{"name":"wp","href":"https:\/\/api.w.org\/{rel}","templated":true}]}}