{"id":177837,"date":"2025-12-06T16:52:12","date_gmt":"2025-12-06T16:52:12","guid":{"rendered":"https:\/\/www.europesays.com\/pt\/177837\/"},"modified":"2025-12-06T16:52:12","modified_gmt":"2025-12-06T16:52:12","slug":"nao-consigo-viajar-se-nao-for-de-primeira-classe","status":"publish","type":"post","link":"https:\/\/www.europesays.com\/pt\/177837\/","title":{"rendered":"&#8216;N\u00e3o consigo viajar se n\u00e3o for de primeira classe&#8217;"},"content":{"rendered":"\n<p class=\" content-text__container \" data-track-category=\"Link no Texto\" data-track-links=\"\"> \u2014 Demorei quase 20 anos para pagar. Foi um processo de aprendizado, planejamento e responsabilidade \u2014 afirmou em entrevista ao podcast &#8220;PodS\u00ea&#8221;, apresentado por <a class=\"\" href=\"https:\/\/oglobo.globo.com\/tudo-sobre\/personalidade\/gil-do-vigor\" rel=\"nofollow noopener\" target=\"_blank\">Gil do Vigor<\/a>. Na ocasi\u00e3o, Den\u00edlson cobrou o cantor publicamente e pediu bloqueios de valores na justi\u00e7a ao longo dessas duas d\u00e9cadas. <\/p>\n<p class=\" content-text__container \" data-track-category=\"Link no Texto\" data-track-links=\"\"> Belo tamb\u00e9m falou de sua responsabilidade com a fam\u00edlia e contou que investe no mercado financeiro. <\/p>\n<p class=\" content-text__container \" data-track-category=\"Link no Texto\" data-track-links=\"\"> \u2014 A minha fam\u00edlia \u00e9 muito grande e todos eles dependem de mim. Pensando em aposentadoria, daqui a pouco eu n\u00e3o vou ter essa disposi\u00e7\u00e3o que eu tenho hoje. Precisamos ter alguma coisa (financeira) elaboradora para ter um futuro e uma aposentadoria em paz, sem precisar ficar na loucura. <\/p>\n<p class=\" content-text__container \" data-track-category=\"Link no Texto\" data-track-links=\"\"> Ele tamb\u00e9m revelou um h\u00e1bito de consumo do qual n\u00e3o abre m\u00e3o: <\/p>\n<p class=\" content-text__container \" data-track-category=\"Link no Texto\" data-track-links=\"\"> \u2014 N\u00e3o consigo viajar se n\u00e3o for de primeira classe. Hoje, eu posso me dar esse luxo. <\/p>\n","protected":false},"excerpt":{"rendered":"\u2014 Demorei quase 20 anos para pagar. Foi um processo de aprendizado, planejamento e responsabilidade \u2014 afirmou em&hellip;\n","protected":false},"author":2,"featured_media":177838,"comment_status":"","ping_status":"","sticky":false,"template":"","format":"standard","meta":{"footnotes":""},"categories":[145],"tags":[4385,211,210,36719,36721,114,115,21425,36720,16902,32,33,679,4376],"class_list":{"0":"post-177837","1":"post","2":"type-post","3":"status-publish","4":"format-standard","5":"has-post-thumbnail","7":"category-celebridades","8":"tag-belo","9":"tag-celebridades","10":"tag-celebrities","11":"tag-denilson","12":"tag-economista-e-influenciador-digital","13":"tag-entertainment","14":"tag-entretenimento","15":"tag-ex-bbb","16":"tag-ex-jogador-de-futebol","17":"tag-gil-do-vigor","18":"tag-portugal","19":"tag-pt","20":"tag-reportagem","21":"tag-tres-gracas"},"share_on_mastodon":{"url":"https:\/\/pubeurope.com\/@pt\/115673664254364707","error":""},"_links":{"self":[{"href":"https:\/\/www.europesays.com\/pt\/wp-json\/wp\/v2\/posts\/177837","targetHints":{"allow":["GET"]}}],"collection":[{"href":"https:\/\/www.europesays.com\/pt\/wp-json\/wp\/v2\/posts"}],"about":[{"href":"https:\/\/www.europesays.com\/pt\/wp-json\/wp\/v2\/types\/post"}],"author":[{"embeddable":true,"href":"https:\/\/www.europesays.com\/pt\/wp-json\/wp\/v2\/users\/2"}],"replies":[{"embeddable":true,"href":"https:\/\/www.europesays.com\/pt\/wp-json\/wp\/v2\/comments?post=177837"}],"version-history":[{"count":0,"href":"https:\/\/www.europesays.com\/pt\/wp-json\/wp\/v2\/posts\/177837\/revisions"}],"wp:featuredmedia":[{"embeddable":true,"href":"https:\/\/www.europesays.com\/pt\/wp-json\/wp\/v2\/media\/177838"}],"wp:attachment":[{"href":"https:\/\/www.europesays.com\/pt\/wp-json\/wp\/v2\/media?parent=177837"}],"wp:term":[{"taxonomy":"category","embeddable":true,"href":"https:\/\/www.europesays.com\/pt\/wp-json\/wp\/v2\/categories?post=177837"},{"taxonomy":"post_tag","embeddable":true,"href":"https:\/\/www.europesays.com\/pt\/wp-json\/wp\/v2\/tags?post=177837"}],"curies":[{"name":"wp","href":"https:\/\/api.w.org\/{rel}","templated":true}]}}