{"id":177839,"date":"2025-12-06T16:55:09","date_gmt":"2025-12-06T16:55:09","guid":{"rendered":"https:\/\/www.europesays.com\/pt\/177839\/"},"modified":"2025-12-06T16:55:09","modified_gmt":"2025-12-06T16:55:09","slug":"fabio-faz-cena-de-ciumes-e-liliana-reage-estas-a-ser-estupido-desnecessariamente-secret-story","status":"publish","type":"post","link":"https:\/\/www.europesays.com\/pt\/177839\/","title":{"rendered":"F\u00e1bio faz cena de ci\u00fames e Liliana reage: \u00abEst\u00e1s a ser est\u00fapido desnecessariamente\u00bb &#8211; Secret Story"},"content":{"rendered":"<p>No \u00abSecret Story 9\u00bb, a rela\u00e7\u00e3o entre F\u00e1bio e Liliana enfrentou um novo momento de crise. F\u00e1bio fez uma cena de ci\u00fames \u00e0 namorada, um epis\u00f3dio que gerou mal-estar na Casa. Liliana reagiu de forma assertiva, confrontando-o com a frase: \u00abEst\u00e1s a ser est\u00fapido desnecessariamente\u00bb.<\/p>\n<p><strong>Esta semana, quatro concorrentes est\u00e3o nomeados e em risco de expuls\u00e3o. Pode votar na APP oficial do TVI reality ou atrav\u00e9s das linhas telef\u00f3nicas.<\/strong><\/p>\n<p><strong>VOTE PARA SALVAR:<\/strong><\/p>\n<p><strong>BRUNA \u00a0\u2013 \u00a0761 20 20 03<br \/>LILIANA \u00a0\u2013 \u00a0761 20 20 14<br \/>MARISA \u00a0\u2013 \u00a0761 20 20 16<br \/>PEDRO \u00a0\u2013 \u00a0761 20 20 18<\/strong><\/p>\n<p><strong><a href=\"https:\/\/tvi.iol.pt\/secretstory\/aominuto\" wbo-id=\"32\" rel=\"nofollow noopener\" target=\"_blank\">Acompanhe aqui tudo o que se passa no Secret Story 9<\/a><\/strong><\/p>\n","protected":false},"excerpt":{"rendered":"No \u00abSecret Story 9\u00bb, a rela\u00e7\u00e3o entre F\u00e1bio e Liliana enfrentou um novo momento de crise. F\u00e1bio fez&hellip;\n","protected":false},"author":2,"featured_media":177840,"comment_status":"","ping_status":"","sticky":false,"template":"","format":"standard","meta":{"footnotes":""},"categories":[142],"tags":[19374,19373,114,115,19082,19016,19375,32,33,151],"class_list":{"0":"post-177839","1":"post","2":"type-post","3":"status-publish","4":"format-standard","5":"has-post-thumbnail","7":"category-tv","8":"tag-confrontos-concorrentes","9":"tag-discussoes-secret-story","10":"tag-entertainment","11":"tag-entretenimento","12":"tag-fabio","13":"tag-liliana","14":"tag-polemicas","15":"tag-portugal","16":"tag-pt","17":"tag-tv"},"share_on_mastodon":{"url":"https:\/\/pubeurope.com\/@pt\/115673676071152822","error":""},"_links":{"self":[{"href":"https:\/\/www.europesays.com\/pt\/wp-json\/wp\/v2\/posts\/177839","targetHints":{"allow":["GET"]}}],"collection":[{"href":"https:\/\/www.europesays.com\/pt\/wp-json\/wp\/v2\/posts"}],"about":[{"href":"https:\/\/www.europesays.com\/pt\/wp-json\/wp\/v2\/types\/post"}],"author":[{"embeddable":true,"href":"https:\/\/www.europesays.com\/pt\/wp-json\/wp\/v2\/users\/2"}],"replies":[{"embeddable":true,"href":"https:\/\/www.europesays.com\/pt\/wp-json\/wp\/v2\/comments?post=177839"}],"version-history":[{"count":0,"href":"https:\/\/www.europesays.com\/pt\/wp-json\/wp\/v2\/posts\/177839\/revisions"}],"wp:featuredmedia":[{"embeddable":true,"href":"https:\/\/www.europesays.com\/pt\/wp-json\/wp\/v2\/media\/177840"}],"wp:attachment":[{"href":"https:\/\/www.europesays.com\/pt\/wp-json\/wp\/v2\/media?parent=177839"}],"wp:term":[{"taxonomy":"category","embeddable":true,"href":"https:\/\/www.europesays.com\/pt\/wp-json\/wp\/v2\/categories?post=177839"},{"taxonomy":"post_tag","embeddable":true,"href":"https:\/\/www.europesays.com\/pt\/wp-json\/wp\/v2\/tags?post=177839"}],"curies":[{"name":"wp","href":"https:\/\/api.w.org\/{rel}","templated":true}]}}