{"id":17785,"date":"2025-08-06T00:24:16","date_gmt":"2025-08-06T00:24:16","guid":{"rendered":"https:\/\/www.europesays.com\/pt\/17785\/"},"modified":"2025-08-06T00:24:16","modified_gmt":"2025-08-06T00:24:16","slug":"jaques-destroi-a-vida-de-leo-apos-plano-macabro","status":"publish","type":"post","link":"https:\/\/www.europesays.com\/pt\/17785\/","title":{"rendered":"Jaques destr\u00f3i a vida de Leo ap\u00f3s plano macabro"},"content":{"rendered":"<p>Leo (<a href=\"https:\/\/natelinha.uol.com.br\/famosos\/tudo-sobre\/clara-moneke\" rel=\"nofollow noopener\" target=\"_blank\">Clara Moneke<\/a>) ser\u00e1 demitida da casa dos Boaz ap\u00f3s ser acusada injustamente por Jaques (<a href=\"https:\/\/natelinha.uol.com.br\/famosos\/tudo-sobre\/marcello-novaes\" rel=\"nofollow noopener\" target=\"_blank\">Marcello Novaes<\/a>) de furto em <a href=\"https:\/\/natelinha.uol.com.br\/novelas\/dona-de-mim\" rel=\"nofollow noopener\" target=\"_blank\">Dona de Mim<\/a>. Sem renda para manter os estudos, a jovem decide trancar a faculdade de Marketing e buscar um novo trabalho. Ela acabar\u00e1 aceitando uma vaga de faxina na padaria de Manuel (<a href=\"https:\/\/natelinha.uol.com.br\/famosos\/tudo-sobre\/ernani-moraes\" rel=\"nofollow noopener\" target=\"_blank\">Ernani Moraes<\/a>).<\/p>\n<p>A mudan\u00e7a na vida da personagem ocorre depois da morte de Abel (<a href=\"https:\/\/natelinha.uol.com.br\/famosos\/tudo-sobre\/tony-ramos\" rel=\"nofollow noopener\" target=\"_blank\">Tony Ramos<\/a>). Com o falecimento do fundador da empresa, Jaques assume a presid\u00eancia da Boaz e se muda para a casa da m\u00e3e. No local, ele instala c\u00e2meras escondidas para tentar reunir provas de que Rosa (<a href=\"https:\/\/natelinha.uol.com.br\/famosos\/tudo-sobre\/suely-franco\" rel=\"nofollow noopener\" target=\"_blank\">Suely Franco<\/a>) n\u00e3o tem mais condi\u00e7\u00f5es mentais de gerir seus bens, com o objetivo de interdit\u00e1-la e controlar sozinho a fortuna da fam\u00edlia.<\/p>\n<p>+\u00a0<a href=\"https:\/\/natelinha.uol.com.br\/novelas\/2025\/08\/05\/por-que-abel-morre-em-dona-de-mim-saiba-bastidores-da-novela-da-globo-229478.php\" target=\"_blank\" rel=\"noopener noreferrer nofollow\">Por que Abel morre em Dona de Mim? Saiba bastidores da novela da Globo<\/a><\/p>\n<p>continua depois da publicidade<\/p>\n<p>Leo descobre os equipamentos e informa Samuel (<a href=\"https:\/\/natelinha.uol.com.br\/famosos\/tudo-sobre\/juan-paiva\" rel=\"nofollow noopener\" target=\"_blank\">Juan Paiva<\/a>), que exige a retirada das c\u00e2meras do quarto da av\u00f3. No entanto, autoriza que sejam mantidas nas \u00e1reas comuns da casa. Irritado com a interfer\u00eancia da funcion\u00e1ria, Jaques decide se vingar.<\/p>\n<p>O empres\u00e1rio deixa propositalmente a carteira em cima de uma mesa e observa a movimenta\u00e7\u00e3o por meio das c\u00e2meras. Leo encontra o objeto e, desconfiada da situa\u00e7\u00e3o, resolve entregar a carteira diretamente no quarto dele. Mesmo assim, o executivo a acusa de roubo e comunica sua demiss\u00e3o. A personagem perde o v\u00ednculo com a fam\u00edlia Boaz e precisa deixar Sofia (<a href=\"https:\/\/natelinha.uol.com.br\/famosos\/tudo-sobre\/elis-cabral\" rel=\"nofollow noopener\" target=\"_blank\">Elis Cabral<\/a>), crian\u00e7a com quem havia criado la\u00e7os afetivos.<\/p>\n<p>continua depois da publicidade<\/p>\n<p>Leo largar\u00e1 faculdade em Dona de Mim<\/p>\n<p><img decoding=\"async\" src=\"https:\/\/www.europesays.com\/pt\/wp-content\/uploads\/2025\/08\/tv-globo-dona-de-mim-leo-briga-com-samuel_4483.jpeg\" alt=\"imagem-texto\"\/><\/p>\n<p>Sem sal\u00e1rio, a jovem avalia alternativas para conseguir pagar as contas. Em conversa com Dara (Cecilia Chancez), ela afirma que n\u00e3o conseguir\u00e1 manter a faculdade e que dar\u00e1 prioridade ao trabalho. Leo come\u00e7a a procurar vagas no bairro e vai at\u00e9 um sal\u00e3o de beleza, mas n\u00e3o encontra oportunidades.<\/p>\n<p>Na sequ\u00eancia, ela entra na padaria de Manuel e se apresenta aos funcion\u00e1rios. A personagem sugere uma reformula\u00e7\u00e3o da imagem do com\u00e9rcio, mas o dono do local recusa a proposta. Ela, ent\u00e3o, pergunta quem faz a limpeza do lugar. Manuel responde que a faxina \u00e9 feita por Gildinha, mas diz que pode oferecer uma di\u00e1ria extra. Leo aceita e agenda o servi\u00e7o.<\/p>\n<p>continua depois da publicidade<\/p>\n<p>+\u00a0<a href=\"https:\/\/natelinha.uol.com.br\/novelas\/2025\/08\/05\/dona-de-mim-kami-bomba-nas-redes-e-vira-alvo-de-seguidor-229433.php\" target=\"_blank\" rel=\"noopener noreferrer nofollow\">Dona de Mim: Kami bomba nas redes e vira alvo de seguidor<\/a><\/p>\n<p>Durante o di\u00e1logo, Dara ouve a conversa e comenta que a amiga tinha planos de estudar. Leo explica que pretendia concluir a gradua\u00e7\u00e3o em Marketing, mas que precisa lidar com as despesas sem ajuda de ningu\u00e9m.<\/p>\n<p><strong>Confira os resumos da semana das outras novelas:<\/strong><\/p>\n<p>O\u00a0<strong>NaTelinha<\/strong>\u00a0divulga todos os dias os\u00a0<a href=\"https:\/\/natelinha.uol.com.br\/novelas\" rel=\"nofollow noopener\" target=\"_blank\"><strong>resumos dos cap\u00edtulos<\/strong><\/a>, detalhes dos personagens, entrevistas exclusivas com o elenco e spoiler da novela Dona de Mim.<\/p>\n<p><strong>Assista ao\u00a0v\u00eddeo de abertura da novela das sete:\u00a0<\/strong><\/p>\n<p>                                <img decoding=\"async\" alt=\"Imagem da thumbnail do v\u00eddeo\" src=\"https:\/\/www.europesays.com\/pt\/wp-content\/uploads\/2025\/07\/hqdefault.jpg\" class=\"play-video\"\/><\/p>\n","protected":false},"excerpt":{"rendered":"Leo (Clara Moneke) ser\u00e1 demitida da casa dos Boaz ap\u00f3s ser acusada injustamente por Jaques (Marcello Novaes) de&hellip;\n","protected":false},"author":2,"featured_media":17786,"comment_status":"","ping_status":"","sticky":false,"template":"","format":"standard","meta":{"footnotes":""},"categories":[142],"tags":[4776,1718,114,115,4904,1719,32,33,1720,4906,151],"class_list":{"0":"post-17785","1":"post","2":"type-post","3":"status-publish","4":"format-standard","5":"has-post-thumbnail","7":"category-tv","8":"tag-abel-dona-de-mim","9":"tag-dona-de-mim","10":"tag-entertainment","11":"tag-entretenimento","12":"tag-jaques-dona-de-mim","13":"tag-leona-dona-de-mim","14":"tag-portugal","15":"tag-pt","16":"tag-samuel-dona-de-mim","17":"tag-sofia-dona-de-mim","18":"tag-tv"},"share_on_mastodon":{"url":"","error":""},"_links":{"self":[{"href":"https:\/\/www.europesays.com\/pt\/wp-json\/wp\/v2\/posts\/17785","targetHints":{"allow":["GET"]}}],"collection":[{"href":"https:\/\/www.europesays.com\/pt\/wp-json\/wp\/v2\/posts"}],"about":[{"href":"https:\/\/www.europesays.com\/pt\/wp-json\/wp\/v2\/types\/post"}],"author":[{"embeddable":true,"href":"https:\/\/www.europesays.com\/pt\/wp-json\/wp\/v2\/users\/2"}],"replies":[{"embeddable":true,"href":"https:\/\/www.europesays.com\/pt\/wp-json\/wp\/v2\/comments?post=17785"}],"version-history":[{"count":0,"href":"https:\/\/www.europesays.com\/pt\/wp-json\/wp\/v2\/posts\/17785\/revisions"}],"wp:featuredmedia":[{"embeddable":true,"href":"https:\/\/www.europesays.com\/pt\/wp-json\/wp\/v2\/media\/17786"}],"wp:attachment":[{"href":"https:\/\/www.europesays.com\/pt\/wp-json\/wp\/v2\/media?parent=17785"}],"wp:term":[{"taxonomy":"category","embeddable":true,"href":"https:\/\/www.europesays.com\/pt\/wp-json\/wp\/v2\/categories?post=17785"},{"taxonomy":"post_tag","embeddable":true,"href":"https:\/\/www.europesays.com\/pt\/wp-json\/wp\/v2\/tags?post=17785"}],"curies":[{"name":"wp","href":"https:\/\/api.w.org\/{rel}","templated":true}]}}