{"id":177850,"date":"2025-12-06T17:05:11","date_gmt":"2025-12-06T17:05:11","guid":{"rendered":"https:\/\/www.europesays.com\/pt\/177850\/"},"modified":"2025-12-06T17:05:11","modified_gmt":"2025-12-06T17:05:11","slug":"montenegro-insiste-que-reforma-da-lei-laboral-e-agora-e-nao-quando-estamos-a-rasca","status":"publish","type":"post","link":"https:\/\/www.europesays.com\/pt\/177850\/","title":{"rendered":"Montenegro insiste que reforma da lei laboral \u00e9 agora e n\u00e3o &#8220;quando estamos \u00e0 rasca&#8221;"},"content":{"rendered":"<p>                <b>&#8220;N\u00e3o \u00e9 quando estamos \u00e0 rasca que n\u00f3s devemos andar a improvisar reformas que transformam as nossas estruturas&#8221;<\/b>, afirmou Lu\u00eds Montenegro, na sexta-feira \u00e0 noite. <\/p>\n<p>A participar na inaugura\u00e7\u00e3o da amplia\u00e7\u00e3o da f\u00e1brica da Keenfinity (antiga Bosch), em Ovar no distrito de Aveiro, o primeiro-ministro insistiu que as reformas se devem dar em alturas, &#8220;como n\u00f3s estamos hoje, com estabilidade pol\u00edtica, econ\u00f3mica, financeira, que n\u00f3s devemos aproveitar para &#8211; com calma, com serenidade e com profundidade &#8211; vermos quais s\u00e3o as \u00e1reas espec\u00edficas onde podemos alterar algumas regras, para no conjunto sermos mais competitivos e mais din\u00e2micos&#8221;.<br \/>&#13;\n<\/p>\n<p>          <img decoding=\"async\" itemprop=\"image\" class=\"img-fluid\"   src=\"https:\/\/www.europesays.com\/pt\/wp-content\/uploads\/2025\/12\/7642e6f4cc863ecbc172fb1b83e5467b_N.jpg\"\/><\/p>\n<p>\nSegundo Montenegro, Portugal \u00e9, &#8220;\u00e0 escala europeia, um exemplo de estabilidade&#8221;. E nesse sentido, questionou: <b>&#8220;Porqu\u00ea que n\u00e3o devemos aproveitar, exatamente esta oportunidade, para irmos um pouco mais longe?&#8221;<\/b><\/p>\n<p>&#8220;Em vez de crescermos 2 por cento ao ano, crescermos 3 ou 3,5 por cento ou 4 por cento e, em vez do sal\u00e1rio m\u00ednimo serem 920 euros poder ser 1500, e em vez do sal\u00e1rio m\u00e9dio serem 1500, poderem ser 2000 ou 2500\u201d, questionou ainda.&#13;\n            <\/p>\n","protected":false},"excerpt":{"rendered":"&#8220;N\u00e3o \u00e9 quando estamos \u00e0 rasca que n\u00f3s devemos andar a improvisar reformas que transformam as nossas estruturas&#8221;,&hellip;\n","protected":false},"author":2,"featured_media":177851,"comment_status":"","ping_status":"","sticky":false,"template":"","format":"standard","meta":{"footnotes":""},"categories":[10],"tags":[27,28,15,16,14,25,26,21,22,12,13,19,20,32,23,24,33,420,421,17,18,29,30,31],"class_list":{"0":"post-177850","1":"post","2":"type-post","3":"status-publish","4":"format-standard","5":"has-post-thumbnail","7":"category-portugal","8":"tag-breaking-news","9":"tag-breakingnews","10":"tag-featured-news","11":"tag-featurednews","12":"tag-headlines","13":"tag-latest-news","14":"tag-latestnews","15":"tag-main-news","16":"tag-mainnews","17":"tag-news","18":"tag-noticias","19":"tag-noticias-principais","20":"tag-noticiasprincipais","21":"tag-portugal","22":"tag-principais-noticias","23":"tag-principaisnoticias","24":"tag-pt","25":"tag-rtp","26":"tag-rtp-noticias","27":"tag-top-stories","28":"tag-topstories","29":"tag-ultimas","30":"tag-ultimas-noticias","31":"tag-ultimasnoticias"},"share_on_mastodon":{"url":"https:\/\/pubeurope.com\/@pt\/115673715558479831","error":""},"_links":{"self":[{"href":"https:\/\/www.europesays.com\/pt\/wp-json\/wp\/v2\/posts\/177850","targetHints":{"allow":["GET"]}}],"collection":[{"href":"https:\/\/www.europesays.com\/pt\/wp-json\/wp\/v2\/posts"}],"about":[{"href":"https:\/\/www.europesays.com\/pt\/wp-json\/wp\/v2\/types\/post"}],"author":[{"embeddable":true,"href":"https:\/\/www.europesays.com\/pt\/wp-json\/wp\/v2\/users\/2"}],"replies":[{"embeddable":true,"href":"https:\/\/www.europesays.com\/pt\/wp-json\/wp\/v2\/comments?post=177850"}],"version-history":[{"count":0,"href":"https:\/\/www.europesays.com\/pt\/wp-json\/wp\/v2\/posts\/177850\/revisions"}],"wp:featuredmedia":[{"embeddable":true,"href":"https:\/\/www.europesays.com\/pt\/wp-json\/wp\/v2\/media\/177851"}],"wp:attachment":[{"href":"https:\/\/www.europesays.com\/pt\/wp-json\/wp\/v2\/media?parent=177850"}],"wp:term":[{"taxonomy":"category","embeddable":true,"href":"https:\/\/www.europesays.com\/pt\/wp-json\/wp\/v2\/categories?post=177850"},{"taxonomy":"post_tag","embeddable":true,"href":"https:\/\/www.europesays.com\/pt\/wp-json\/wp\/v2\/tags?post=177850"}],"curies":[{"name":"wp","href":"https:\/\/api.w.org\/{rel}","templated":true}]}}