{"id":177858,"date":"2025-12-06T17:18:15","date_gmt":"2025-12-06T17:18:15","guid":{"rendered":"https:\/\/www.europesays.com\/pt\/177858\/"},"modified":"2025-12-06T17:18:15","modified_gmt":"2025-12-06T17:18:15","slug":"os-19-paises-cujos-pedidos-de-imigracao-foram-suspensos-pela-administracao-trump","status":"publish","type":"post","link":"https:\/\/www.europesays.com\/pt\/177858\/","title":{"rendered":"Os 19 pa\u00edses cujos pedidos de imigra\u00e7\u00e3o foram suspensos pela Administra\u00e7\u00e3o Trump"},"content":{"rendered":"<p>A Administra\u00e7\u00e3o Trump suspendeu todos os pedidos de imigra\u00e7\u00e3o provenientes de 19 pa\u00edses considerados de alto risco, dias ap\u00f3s um tiroteio em Washington que envolveu um cidad\u00e3o afeg\u00e3o, anunciou o Departamento de Seguran\u00e7a Interna dos Estados Unidos.<\/p>\n<p>A suspens\u00e3o aplica-se a pessoas provenientes dos doze pa\u00edses cujos cidad\u00e3os j\u00e1 n\u00e3o tinham direito a entrar nos Estados Unidos desde junho e, agora, tamb\u00e9m a cidad\u00e3os de outros sete pa\u00edses afetados por restri\u00e7\u00f5es na emiss\u00e3o de vistos, segundo um memorando dos servi\u00e7os de imigra\u00e7\u00e3o consultado pela ag\u00eancia de not\u00edcias France-Presse (AFP).<\/p>\n<p>Os pedidos de cart\u00f5es verdes (\u2018green cards\u2019) dos cidad\u00e3os dos pa\u00edses em quest\u00e3o, bem como os pedidos de naturaliza\u00e7\u00e3o, est\u00e3o suspensos.<\/p>\n<p>A lista inclui alguns dos pa\u00edses mais pobres e inst\u00e1veis do mundo.<\/p>\n<p>Em junho passado, o Presidente dos Estados Unidos, Donald Trump, ordenou a proibi\u00e7\u00e3o de entrada no pa\u00eds a cidad\u00e3os do Afeganist\u00e3o, Myanmar (antiga Birm\u00e2nia), Chade, Rep\u00fablica do Congo, Guin\u00e9 Equatorial, Eritreia, Haiti, Ir\u00e3o, L\u00edbia, Som\u00e1lia, Sud\u00e3o e I\u00e9men.<\/p>\n<p>Os outros sete pa\u00edses agora afetados s\u00e3o o Burundi, Cuba, Laos, Serra Leoa, Togo, Turquemenist\u00e3o e Venezuela.<\/p>\n<p>A secret\u00e1ria da Seguran\u00e7a Interna, Kristi Noem, indicou na segunda-feira \u00e0 noite, na rede social X, que recomendou a Trump \u201cuma proibi\u00e7\u00e3o total de entrada dos cidad\u00e3os de cada pa\u00eds maldito que inundou a na\u00e7\u00e3o com assassinos, sanguessugas e viciados em assist\u00eancia social\u201d.<\/p>\n<p>\u201cN\u00e3o os queremos, nem um \u00fanico deles\u201d, escreveu Noem.<\/p>\n<p>Na ter\u00e7a-feira, o Presidente norte-americano proferiu afirma\u00e7\u00f5es violentas contra a Som\u00e1lia, afirmando que os migrantes do pa\u00eds africano n\u00e3o s\u00e3o bem-vindos aos Estados Unidos.<\/p>\n<p>\u201cN\u00e3o os quero no nosso pa\u00eds\u201d, disse.<\/p>\n<p>Desde o ataque em Washington, em 26 de novembro, atribu\u00eddo a um cidad\u00e3o afeg\u00e3o, que custou a vida a uma militar da Guarda Nacional e feriu gravemente outro soldado, a Administra\u00e7\u00e3o Trump congelou todas as decis\u00f5es sobre a concess\u00e3o de asilo nos Estados Unidos.<\/p>\n<p>Donald Trump fez da luta contra a imigra\u00e7\u00e3o ilegal uma prioridade absoluta, referindo-se reiteradamente \u00e0 \u201cinvas\u00e3o\u201d dos Estados Unidos por \u201ccriminosos vindos do estrangeiro\u201d e fazendo das expuls\u00f5es de imigrantes uma das suas principais marcas pol\u00edticas.<\/p>\n<p>Por\u00e9m, o programa da Casa Branca de expuls\u00f5es em larga escala foi contrariado por v\u00e1rias decis\u00f5es judiciais, com base, nomeadamente, no argumento de que as pessoas visadas devem poder fazer valer os seus direitos.<\/p>\n<p>Esta ter\u00e7a-feira, a Associa\u00e7\u00e3o Nacional de Ju\u00edzes de Imigra\u00e7\u00e3o (NAIJ, na sigla em ingl\u00eas) fez saber que oito ju\u00edzes respons\u00e1veis por quest\u00f5es de imigra\u00e7\u00e3o em Nova Iorque foram demitidos no dia anterior pelo Departamento de Justi\u00e7a dos Estados Unidos.<\/p>\n<p>Os oito magistrados atuavam no n.\u00ba 26 da Federal Plaza, em Manhattan, que abriga um tribunal encarregado de analisar os casos de migrantes que tentam regularizar a situa\u00e7\u00e3o de perman\u00eancia nos Estados Unidos.<\/p>\n<p>Desde h\u00e1 meses, agentes da pol\u00edcia federal com rostos encobertos percorrem diariamente os corredores daquele edif\u00edcio e procedem \u00e0 deten\u00e7\u00e3o de migrantes \u00e0 sa\u00edda de audi\u00eancias, sob o olhar da imprensa, tamb\u00e9m presente todos os dias.<\/p>\n<p>V\u00e1rias cenas de confrontos com a pol\u00edcia e fam\u00edlias separadas deram a volta ao mundo, tornando o n.\u00ba 26 da Federal Plaza um local emblem\u00e1tico do endurecimento da pol\u00edtica da Administra\u00e7\u00e3o Trump em rela\u00e7\u00e3o aos migrantes em situa\u00e7\u00e3o irregular no pa\u00eds.<\/p>\n<p>com Lusa<\/p>\n","protected":false},"excerpt":{"rendered":"A Administra\u00e7\u00e3o Trump suspendeu todos os pedidos de imigra\u00e7\u00e3o provenientes de 19 pa\u00edses considerados de alto risco, dias&hellip;\n","protected":false},"author":2,"featured_media":177859,"comment_status":"","ping_status":"","sticky":false,"template":"","format":"standard","meta":{"footnotes":""},"categories":[50],"tags":[27,28,15,16,14,25,26,21,22,62,12,13,19,20,23,24,17,18,29,30,31,63,64,65],"class_list":{"0":"post-177858","1":"post","2":"type-post","3":"status-publish","4":"format-standard","5":"has-post-thumbnail","7":"category-mundo","8":"tag-breaking-news","9":"tag-breakingnews","10":"tag-featured-news","11":"tag-featurednews","12":"tag-headlines","13":"tag-latest-news","14":"tag-latestnews","15":"tag-main-news","16":"tag-mainnews","17":"tag-mundo","18":"tag-news","19":"tag-noticias","20":"tag-noticias-principais","21":"tag-noticiasprincipais","22":"tag-principais-noticias","23":"tag-principaisnoticias","24":"tag-top-stories","25":"tag-topstories","26":"tag-ultimas","27":"tag-ultimas-noticias","28":"tag-ultimasnoticias","29":"tag-world","30":"tag-world-news","31":"tag-worldnews"},"share_on_mastodon":{"url":"https:\/\/pubeurope.com\/@pt\/115673766828115182","error":""},"_links":{"self":[{"href":"https:\/\/www.europesays.com\/pt\/wp-json\/wp\/v2\/posts\/177858","targetHints":{"allow":["GET"]}}],"collection":[{"href":"https:\/\/www.europesays.com\/pt\/wp-json\/wp\/v2\/posts"}],"about":[{"href":"https:\/\/www.europesays.com\/pt\/wp-json\/wp\/v2\/types\/post"}],"author":[{"embeddable":true,"href":"https:\/\/www.europesays.com\/pt\/wp-json\/wp\/v2\/users\/2"}],"replies":[{"embeddable":true,"href":"https:\/\/www.europesays.com\/pt\/wp-json\/wp\/v2\/comments?post=177858"}],"version-history":[{"count":0,"href":"https:\/\/www.europesays.com\/pt\/wp-json\/wp\/v2\/posts\/177858\/revisions"}],"wp:featuredmedia":[{"embeddable":true,"href":"https:\/\/www.europesays.com\/pt\/wp-json\/wp\/v2\/media\/177859"}],"wp:attachment":[{"href":"https:\/\/www.europesays.com\/pt\/wp-json\/wp\/v2\/media?parent=177858"}],"wp:term":[{"taxonomy":"category","embeddable":true,"href":"https:\/\/www.europesays.com\/pt\/wp-json\/wp\/v2\/categories?post=177858"},{"taxonomy":"post_tag","embeddable":true,"href":"https:\/\/www.europesays.com\/pt\/wp-json\/wp\/v2\/tags?post=177858"}],"curies":[{"name":"wp","href":"https:\/\/api.w.org\/{rel}","templated":true}]}}