{"id":177860,"date":"2025-12-06T17:19:12","date_gmt":"2025-12-06T17:19:12","guid":{"rendered":"https:\/\/www.europesays.com\/pt\/177860\/"},"modified":"2025-12-06T17:19:12","modified_gmt":"2025-12-06T17:19:12","slug":"eis-o-tempo-para-as-proximas-3-semanas-havera-condicoes-para-um-natal-branco","status":"publish","type":"post","link":"https:\/\/www.europesays.com\/pt\/177860\/","title":{"rendered":"eis o tempo para as pr\u00f3ximas 3 semanas; haver\u00e1 condi\u00e7\u00f5es para um Natal branco?"},"content":{"rendered":"<p> <img decoding=\"async\" fetchpriority=\"high\" src=\"https:\/\/www.europesays.com\/pt\/wp-content\/uploads\/2025\/12\/dezembro-2025-em-portugal-eis-o-tempo-para-as-proximas-3-semanas-havera-condicoes-para-um-natal-bran.jpeg\"  width=\"768\" height=\"432\" data-image=\"ex4f6mtpmczr\"\/>Quais s\u00e3o as possibilidades de um Natal branco em Portugal? Em an\u00e1lise, as primeiras tend\u00eancias do modelo europeu.   <img decoding=\"async\" fetchpriority=\"high\" src=\"https:\/\/www.europesays.com\/pt\/wp-content\/uploads\/2025\/10\/alfredo-graca.jpg\" alt=\"Alfredo Gra\u00e7a\" width=\"40\" height=\"40\"\/>    <a class=\"nombre text-hv\" href=\"https:\/\/www.tempo.pt\/autor\/alfredo-graca\/\" title=\"Alfredo Gra\u00e7a\" rel=\"nofollow noopener\" target=\"_blank\">Alfredo Gra\u00e7a<\/a>        06\/12\/2025 14:31   6 min   <\/p>\n<p>Os primeiros dias de dezembro t\u00eam sido caracterizados por uma configura\u00e7\u00e3o sin\u00f3ptica em que as depress\u00f5es circulam incessantemente pelo Atl\u00e2ntico Norte. Isto permitiu a chegada de um <strong>\u2018comboio\u2019 de frentes muito ativas a Portugal, resultando em chuva, queda de neve, vento pontualmente forte e descidas tempor\u00e1rias das temperaturas<\/strong>: a atmosfera mostra-se muito din\u00e2mica no in\u00edcio deste inverno climatol\u00f3gico.<\/p>\n<p>Por\u00e9m, como temos vindo a explicar na Meteored ao longo desta semana, a situa\u00e7\u00e3o meteorol\u00f3gica mudou radicalmente desde ontem (sexta-feira, 5) com <strong>a chegada de uma massa de ar tropical mar\u00edtima, amena e h\u00famida<\/strong>, \u00e0 nossa geografia, e que aqui permanecer\u00e1 durante v\u00e1rios dias.<\/p>\n<p>A primeira quinzena de dezembro ser\u00e1 muito amena. O que vir\u00e1 depois?<\/p>\n<p>J\u00e1 h\u00e1 muitas pessoas expectantes quanto \u00e0s primeiras tend\u00eancias meteorol\u00f3gicas para o per\u00edodo do <strong>Natal<\/strong>, altura em que milh\u00f5es de portugueses ir\u00e3o viajar para visitar os seus entes queridos ou simplesmente desfrutar de uns dias de f\u00e9rias. <strong>Ser\u00e1 que ir\u00e1 nevar no per\u00edodo natal\u00edcio em Portugal?<\/strong> Embora seja um panorama geralmente raro no nosso pa\u00eds, sobretudo nos \u00faltimos anos, n\u00e3o \u00e9 imposs\u00edvel nalgumas zonas.<\/p>\n<p><img loading=\"lazy\" decoding=\"async\" fetchpriority=\"low\" class=\"lazy \" src=\"https:\/\/www.europesays.com\/pt\/wp-content\/uploads\/2025\/12\/1765041551_477_dezembro-2025-em-portugal-eis-o-tempo-para-as-proximas-3-semanas-havera-condicoes-para-um-natal-bran.jpeg\"  width=\"768\" height=\"432\" data-image=\"mvf2a27rep7s\"\/>O modelo europeu prev\u00ea que as temperaturas poder\u00e3o atingir entre 1 e 3 \u00baC acima da m\u00e9dia em dezembro em quase toda a geografia de Portugal.<\/p>\n<p>Neste momento j\u00e1 n\u00e3o existem d\u00favidas quanto ao que o modelo europeu prev\u00ea para a <strong>primeira quinzena de dezembro<\/strong>: as temperaturas estar\u00e3o acima dos valores m\u00e9dios para a \u00e9poca do ano em toda a nossa geografia.<strong> Em Portugal continental as temperaturas poder\u00e3o ser de 1 a 3 \u00baC superiores \u00e0 m\u00e9dia para estas datas<\/strong>. Nos arquip\u00e9lagos dos A\u00e7ores e da Madeira as anomalias t\u00e9rmicas positivas seriam um pouco mais moderadas (+ 1 \u00baC), de acordo com os mapas. <\/p>\n<p>Para a <strong>segunda quinzena do m\u00eas, a incerteza aumenta, o que \u00e9 normal<\/strong>. H\u00e1 cen\u00e1rios que preveem a interrup\u00e7\u00e3o do fluxo ameno e h\u00famido do Atl\u00e2ntico e que n\u00e3o excluem a possibilidade de aproxima\u00e7\u00e3o de bolsas ou massas de ar frio \u00e0 nossa geografia. De momento, tudo indica que <strong>as temperaturas poder\u00e3o manter-se superiores aos valores m\u00e9dios de refer\u00eancia na terceira semana do m\u00eas (+1 a +3 \u00baC no Continente, +1 \u00baC nos Arquip\u00e9lagos)<\/strong>.<\/p>\n<p>Seja o primeiro a receber as previs\u00f5es gra\u00e7as ao <strong><a href=\"https:\/\/www.whatsapp.com\/channel\/0029VaxX6njIyPtRY4lOMd1b\" target=\"_blank\" rel=\"nofollow noopener\">nosso canal do WhatsApp<\/a><\/strong>. Siga-nos e ative as notifica\u00e7\u00f5es.<\/p>\n<p>Por\u00e9m, as primeiras tend\u00eancias indicam que do <strong>dia 22 em diante, as temperaturas poder\u00e3o baixar para valores enquadrados dentro da normal climatol\u00f3gica<\/strong> de refer\u00eancia, ou seja, para valores t\u00e9rmicos t\u00edpicos (ou normais) de dezembro.<\/p>\n<p>Existem possibilidades de um Natal branco em Portugal este ano?<\/p>\n<p>No que concerne \u00e0 <strong>precipita\u00e7\u00e3o<\/strong>, tal como explic\u00e1mos anteriormente aqui na <strong>Meteored<\/strong>, trata-se da vari\u00e1vel mais complexa de analisar a longo prazo: deste modo, esta an\u00e1lise deve ser encarada como uma <strong>aproxima\u00e7\u00e3o geral ou uma tend\u00eancia<\/strong>.<\/p>\n<p>No que falta da primeira quinzena de dezembro, tudo indica que o <strong>fluxo de ventos de Oes-Sudoeste se ir\u00e1 manter<\/strong>, com a chegada de<strong> novos sistemas frontais <\/strong>vindos do Atl\u00e2ntico e &#8216;munidos&#8217; pelo elevado teor de vapor de \u00e1gua contido em rios atmosf\u00e9ricos, que despejar\u00e3o chuva de norte a sul de Portugal continental, sendo especialmente mais frequente e intensa no <strong>litoral Norte e Centro<\/strong>.<\/p>\n<p><a class=\"imagen \" href=\"https:\/\/www.tempo.pt\/noticias\/previsao\/instabilidade-chuva-e-vento-saiba-como-os-rios-atmosfericos-que-atravessam-os-acores-vao-afetar-portugal-continental.html\" title=\"Instabilidade, chuva e vento: saiba como os rios atmosf\u00e9ricos que atravessam os A\u00e7ores v\u00e3o afetar Portugal Continental\" rel=\"nofollow noopener\" target=\"_blank\"><img loading=\"lazy\" decoding=\"async\" fetchpriority=\"low\" class=\"lazy img-body non-editable\" src=\"https:\/\/www.europesays.com\/pt\/wp-content\/uploads\/2025\/12\/instabilidade-chuva-e-vento-como-os-rios-atmosfericos-que-atravessam-os-acores-vao-influenciar-portu.png\"  width=\"320\" height=\"225\" alt=\"Instabilidade, chuva e vento: saiba como os rios atmosf\u00e9ricos que atravessam os A\u00e7ores v\u00e3o afetar Portugal Continental\"\/><\/a><\/p>\n<p>Olhando para a segunda quinzena, n\u00e3o se vislumbra uma tend\u00eancia particularmente definida nos padr\u00f5es meteorol\u00f3gicos. N\u00e3o obstante, apesar da enorme incerteza associada, os mapas detetam a possibilidade de <strong>queda de neve<\/strong> para as <strong>cotas altas das serras do extremo Norte e Serra da Estrela<\/strong> na segunda e ter\u00e7a-feira, dias <strong>15 e 16 de dezembro<\/strong>.<\/p>\n<p>Al\u00e9m disto, os modelos apostam tamb\u00e9m em anomalias h\u00famidas muito significativas de norte a sul de Portugal continental, especialmente na semana de 15 a 22, <strong>o que indica a prov\u00e1vel continuidade do fluxo de ventos de Oes-Sudoeste e a chegada de mais sistemas frontais associados a depress\u00f5es atl\u00e2nticas<\/strong>. Nos <strong>A\u00e7ores e<\/strong><strong> Madeira<\/strong> tamb\u00e9m se preveem <strong>anomalias positivas de precipita\u00e7\u00e3o<\/strong> em dezembro. Prev\u00ea-se que sejam mais expressivas nas ilhas a\u00e7orianas. <\/p>\n<p>Ainda assim, \u00e9 preciso ter em conta o dinamismo da atmosfera no in\u00edcio do inverno climatol\u00f3gico, pelo que \u00e9 poss\u00edvel que as tend\u00eancias se alterem com o passar dos dias.<\/p>\n<p><img loading=\"lazy\" decoding=\"async\" fetchpriority=\"low\" class=\"lazy \" src=\"https:\/\/www.europesays.com\/pt\/wp-content\/uploads\/2025\/12\/1765041552_196_dezembro-2025-em-portugal-eis-o-tempo-para-as-proximas-3-semanas-havera-condicoes-para-um-natal-bran.jpeg\"  width=\"768\" height=\"432\" data-image=\"10laq54mlox3\"\/>Prev\u00ea-se que a chuva seja frequente em Portugal continental ao longo do m\u00eas de dezembro, <\/p>\n<p>De momento n\u00e3o se detetam quaisquer sinais de uma vaga de frio ou de um epis\u00f3dio extraordin\u00e1rio de queda de neve a curto ou m\u00e9dio prazo. <strong>Em rela\u00e7\u00e3o \u00e0s possibilidades de um Natal branco em Portugal, para al\u00e9m de n\u00e3o ser poss\u00edvel saber neste momento o que ir\u00e1 acontecer<\/strong>, mesmo que ocorra queda de neve, ficaria restrita a algumas zonas montanhosas do Norte e do Centro, especialmente porque fatores como a proximidade ao Atl\u00e2ntico n\u00e3o permitem que a neve caia nas zonas urbanas do litoral. Ser\u00e1 necess\u00e1rio aguardar mais um pouco para ver se 2025 decide despedir-se com uma surpresa.<\/p>\n","protected":false},"excerpt":{"rendered":"Quais s\u00e3o as possibilidades de um Natal branco em Portugal? Em an\u00e1lise, as primeiras tend\u00eancias do modelo europeu.&hellip;\n","protected":false},"author":2,"featured_media":177861,"comment_status":"","ping_status":"","sticky":false,"template":"","format":"standard","meta":{"footnotes":""},"categories":[10],"tags":[27,28,2139,15,16,9086,14,25,26,21,22,606,11288,12,13,19,20,32,1429,8103,23,24,33,35133,36722,10404,17,18,29,30,31],"class_list":{"0":"post-177860","1":"post","2":"type-post","3":"status-publish","4":"format-standard","5":"has-post-thumbnail","7":"category-portugal","8":"tag-breaking-news","9":"tag-breakingnews","10":"tag-chuva","11":"tag-featured-news","12":"tag-featurednews","13":"tag-frio","14":"tag-headlines","15":"tag-latest-news","16":"tag-latestnews","17":"tag-main-news","18":"tag-mainnews","19":"tag-meteorologia","20":"tag-neve","21":"tag-news","22":"tag-noticias","23":"tag-noticias-principais","24":"tag-noticiasprincipais","25":"tag-portugal","26":"tag-previsao-do-tempo","27":"tag-previsao-mensal","28":"tag-principais-noticias","29":"tag-principaisnoticias","30":"tag-pt","31":"tag-tempo-em-dezembro","32":"tag-tempo-no-natal","33":"tag-tempo-proximas-semanas","34":"tag-top-stories","35":"tag-topstories","36":"tag-ultimas","37":"tag-ultimas-noticias","38":"tag-ultimasnoticias"},"share_on_mastodon":{"url":"","error":"Validation failed: Text character limit of 500 exceeded"},"_links":{"self":[{"href":"https:\/\/www.europesays.com\/pt\/wp-json\/wp\/v2\/posts\/177860","targetHints":{"allow":["GET"]}}],"collection":[{"href":"https:\/\/www.europesays.com\/pt\/wp-json\/wp\/v2\/posts"}],"about":[{"href":"https:\/\/www.europesays.com\/pt\/wp-json\/wp\/v2\/types\/post"}],"author":[{"embeddable":true,"href":"https:\/\/www.europesays.com\/pt\/wp-json\/wp\/v2\/users\/2"}],"replies":[{"embeddable":true,"href":"https:\/\/www.europesays.com\/pt\/wp-json\/wp\/v2\/comments?post=177860"}],"version-history":[{"count":0,"href":"https:\/\/www.europesays.com\/pt\/wp-json\/wp\/v2\/posts\/177860\/revisions"}],"wp:featuredmedia":[{"embeddable":true,"href":"https:\/\/www.europesays.com\/pt\/wp-json\/wp\/v2\/media\/177861"}],"wp:attachment":[{"href":"https:\/\/www.europesays.com\/pt\/wp-json\/wp\/v2\/media?parent=177860"}],"wp:term":[{"taxonomy":"category","embeddable":true,"href":"https:\/\/www.europesays.com\/pt\/wp-json\/wp\/v2\/categories?post=177860"},{"taxonomy":"post_tag","embeddable":true,"href":"https:\/\/www.europesays.com\/pt\/wp-json\/wp\/v2\/tags?post=177860"}],"curies":[{"name":"wp","href":"https:\/\/api.w.org\/{rel}","templated":true}]}}