{"id":177862,"date":"2025-12-06T17:21:12","date_gmt":"2025-12-06T17:21:12","guid":{"rendered":"https:\/\/www.europesays.com\/pt\/177862\/"},"modified":"2025-12-06T17:21:12","modified_gmt":"2025-12-06T17:21:12","slug":"rbd-maternidade-e-desabafos-por-cobranca-de-corpo-padrao","status":"publish","type":"post","link":"https:\/\/www.europesays.com\/pt\/177862\/","title":{"rendered":"RBD, maternidade e desabafos por cobran\u00e7a de corpo padr\u00e3o"},"content":{"rendered":"<p><a href=\"https:\/\/natelinha.uol.com.br\/famosos\/tudo-sobre\/dulce-maria\" rel=\"nofollow noopener\" target=\"_blank\">Dulce Mar\u00eda<\/a> completa 40 anos de idade neste s\u00e1bado (6). A artista mexicana come\u00e7ou na TV aos 5 por meio de comerciais e integrou o programa Plaza S\u00e9samo, da Televisa. A partir da\u00ed, n\u00e3o parou mais, chegando ao auge n\u00e3o no seu pa\u00eds, como mundialmente, entre 2004 e 2006 enquanto estrelou a novela Rebelde. Atualmente, ela \u00e9 casada com Paco \u00c1lvarez (desde 2019), tem uma filha chamada Mar\u00eda Paula, de 3 e est\u00e1 gr\u00e1vida do segundo.<\/p>\n<p>continua depois da publicidade<\/p>\n<p>Antes de chegar ao auge com o RBD, Dulce Mar\u00eda recebeu sua primeira oportunidade na m\u00fasica com o grupo Kaleidoscopio Interactivo de Sue\u00f1os (K.I.D.S) conquistando sucesso. No ano 2000, integrou o grupo Jeans por um ano e meio, at\u00e9 retomar sua carreira de atriz.<\/p>\n<p>+\u00a0<a href=\"https:\/\/natelinha.uol.com.br\/televisao\/2025\/12\/05\/nani-venancio-relembra-casa-invadida-e-falta-de-respaldo-da-policia-nao-ligue-190-234840.php\" rel=\"nofollow noopener\" target=\"_blank\">Nani Ven\u00e2ncio relembra casa invadida e falta de respaldo da pol\u00edcia: &#8220;N\u00e3o ligue 190&#8221;<\/a><\/p>\n<p>+\u00a0<a href=\"https:\/\/natelinha.uol.com.br\/televisao\/2025\/12\/05\/ex-diretor-da-globo-diz-que-perda-da-olimpiada-para-a-record-foi-um-baque-234829.php\" rel=\"nofollow noopener\" target=\"_blank\">Ex-diretor da Globo diz que perda da Olimp\u00edada para a Record foi um baque<\/a><\/p>\n<p>Em 2002, foi escolhida por Pedro Dami\u00e1n (com quem voltaria a trabalhar em Rebelde) para ser uma das protagonistas da novela Clase 406. Foi ali que conheceu alguns dos colegas e amigos que voltaria a trabalhar dentro de dois anos.<\/p>\n<p>continua depois da publicidade<\/p>\n<p>Dulce Mar\u00eda teve maternidade como divisor de \u00e1guas<\/p>\n<p><img decoding=\"async\" loading=\"lazy\" class=\"horizontal\" src=\"https:\/\/www.europesays.com\/pt\/wp-content\/uploads\/2025\/12\/dulce-maria-piora-revela-se-estara-show-rbd_9186.jpeg\" alt=\"imagem-texto\"\/><\/p>\n<p>Ap\u00f3s o sucesso consolidado, a cantora e atriz viu a vida mudar em 2020 com a primeira gravidez. Na gesta\u00e7\u00e3o, se dedicou \u00e0s grava\u00e7\u00f5es finais da s\u00e9rie Falsa Identidad, na Netflix, e contou o quanto a rotina era cansativa. &#8220;Ser m\u00e3e e o p\u00f3s-parto s\u00e3o bastante cansativos, descobrir tudo \u00e9 bonito, \u00e9 um milagre. Voc\u00ea j\u00e1 ama, mas ela est\u00e1 conhecendo e se adaptando ao mundo. Estou encontrando meu espa\u00e7o dentro da maternidade, n\u00e3o h\u00e1 tempo de tomar banho \u00e0s vezes, mas \u00e9 muito bonito&#8221;, contou em coletiva \u00e0 \u00e9poca.<\/p>\n<p>continua depois da publicidade<\/p>\n<p>Depois de dar \u00e0 luz, parou de se importar com a press\u00e3o pelo corpo padr\u00e3o. &#8220;N\u00e3o sinto o mesmo peso de antes. Isso n\u00e3o quer dizer que a sociedade tenha parado de fazer essas cobran\u00e7as. Eu que parei de me importar com essas press\u00f5es sobre mim. N\u00e3o me atingem mais&#8221;, frisou.<\/p>\n<p>&#8220;Quando eu descobri e entendi que n\u00e3o conseguiria agradar a todos, passei a fazer mais por mim. Silenciei todas as vozes externas que palpitam sobre o meu corpo, meu cabelo e meu rosto&#8230; Sou suficiente e gosto de ser como sou&#8221;, acrescentou.<\/p>\n<p>continua depois da publicidade<\/p>\n<p>Dulce Mar\u00eda na TV<\/p>\n<p>Embora esteja relativamente afastada da TV, Dulce Mar\u00eda foi protagonista de Pienso en Ti, s\u00e9rie da TelevisaUnivisi\u00f3n que foi ao ar em 2023. Depois de Rebelde, seguiu no g\u00eanero e estrelou uma novela ainda in\u00e9dita no Brasil: Verano de Amor (2009).<\/p>\n<p>A atriz e cantora tamb\u00e9m esteve presente em alguns filmes no cinema. O \u00faltimo foi em 2022, quando estrelou Valentino.<\/p>\n<p>No Instagram, acumula mais de 13 milh\u00f5es de seguidores e documenta boa parte de sua vida profissional.<\/p>\n","protected":false},"excerpt":{"rendered":"Dulce Mar\u00eda completa 40 anos de idade neste s\u00e1bado (6). A artista mexicana come\u00e7ou na TV aos 5&hellip;\n","protected":false},"author":2,"featured_media":177863,"comment_status":"","ping_status":"","sticky":false,"template":"","format":"standard","meta":{"footnotes":""},"categories":[145],"tags":[211,210,36723,114,115,32,33],"class_list":{"0":"post-177862","1":"post","2":"type-post","3":"status-publish","4":"format-standard","5":"has-post-thumbnail","7":"category-celebridades","8":"tag-celebridades","9":"tag-celebrities","10":"tag-dulce-maria","11":"tag-entertainment","12":"tag-entretenimento","13":"tag-portugal","14":"tag-pt"},"share_on_mastodon":{"url":"https:\/\/pubeurope.com\/@pt\/115673778688989627","error":""},"_links":{"self":[{"href":"https:\/\/www.europesays.com\/pt\/wp-json\/wp\/v2\/posts\/177862","targetHints":{"allow":["GET"]}}],"collection":[{"href":"https:\/\/www.europesays.com\/pt\/wp-json\/wp\/v2\/posts"}],"about":[{"href":"https:\/\/www.europesays.com\/pt\/wp-json\/wp\/v2\/types\/post"}],"author":[{"embeddable":true,"href":"https:\/\/www.europesays.com\/pt\/wp-json\/wp\/v2\/users\/2"}],"replies":[{"embeddable":true,"href":"https:\/\/www.europesays.com\/pt\/wp-json\/wp\/v2\/comments?post=177862"}],"version-history":[{"count":0,"href":"https:\/\/www.europesays.com\/pt\/wp-json\/wp\/v2\/posts\/177862\/revisions"}],"wp:featuredmedia":[{"embeddable":true,"href":"https:\/\/www.europesays.com\/pt\/wp-json\/wp\/v2\/media\/177863"}],"wp:attachment":[{"href":"https:\/\/www.europesays.com\/pt\/wp-json\/wp\/v2\/media?parent=177862"}],"wp:term":[{"taxonomy":"category","embeddable":true,"href":"https:\/\/www.europesays.com\/pt\/wp-json\/wp\/v2\/categories?post=177862"},{"taxonomy":"post_tag","embeddable":true,"href":"https:\/\/www.europesays.com\/pt\/wp-json\/wp\/v2\/tags?post=177862"}],"curies":[{"name":"wp","href":"https:\/\/api.w.org\/{rel}","templated":true}]}}