{"id":177868,"date":"2025-12-06T17:28:09","date_gmt":"2025-12-06T17:28:09","guid":{"rendered":"https:\/\/www.europesays.com\/pt\/177868\/"},"modified":"2025-12-06T17:28:09","modified_gmt":"2025-12-06T17:28:09","slug":"preparar-o-inverno-reforcar-a-protecao-contra-as-infecoes-respiratorias","status":"publish","type":"post","link":"https:\/\/www.europesays.com\/pt\/177868\/","title":{"rendered":"Preparar o inverno: refor\u00e7ar a prote\u00e7\u00e3o contra as infe\u00e7\u00f5es respirat\u00f3rias"},"content":{"rendered":"<p>&#13;<br \/>\n&#13;<br \/>\n    &#13;<br \/>\n    &#13;<br \/>\n    &#13;<\/p>\n<p>\tPreparar o inverno: refor\u00e7ar a prote\u00e7\u00e3o contra as infe\u00e7\u00f5es respirat\u00f3rias &#8211; Jornal O Almeirinense<\/p>\n<p>\t\t&#13;<br \/>\n&#13;<br \/>\n&#13;<\/p>\n<p><a href=\"https:\/\/www.cm-alpiarca.pt\/documentos\/eventos\/item\/2916-mercado-de-natal-de-alpiarca-2025-o-mundo-do-chocolate\" rel=\"nofollow noopener\" target=\"_blank\"><img fetchpriority=\"high\" decoding=\"async\" width=\"1000\" height=\"667\" src=\"https:\/\/www.europesays.com\/pt\/wp-content\/uploads\/2025\/12\/publicidade_almeirinense_Mercado_Natal_Alpiarca25.png\" alt=\"\" class=\"wp-image-298048\"  \/><\/a><\/p>\n<p>\t\t\tX\t\t\t<\/p>\n<p>&#13;<\/p>\n","protected":false},"excerpt":{"rendered":"&#13; &#13; &#13; &#13; &#13; Preparar o inverno: refor\u00e7ar a prote\u00e7\u00e3o contra as infe\u00e7\u00f5es respirat\u00f3rias &#8211; Jornal O&hellip;\n","protected":false},"author":2,"featured_media":177869,"comment_status":"","ping_status":"","sticky":false,"template":"","format":"standard","meta":{"footnotes":""},"categories":[86],"tags":[3773,36725,116,835,32,33,117],"class_list":{"0":"post-177868","1":"post","2":"type-post","3":"status-publish","4":"format-standard","5":"has-post-thumbnail","7":"category-saude","8":"tag-almeirim","9":"tag-david-pina-trincao","10":"tag-health","11":"tag-opiniao","12":"tag-portugal","13":"tag-pt","14":"tag-saude"},"share_on_mastodon":{"url":"https:\/\/pubeurope.com\/@pt\/115673806221676567","error":""},"_links":{"self":[{"href":"https:\/\/www.europesays.com\/pt\/wp-json\/wp\/v2\/posts\/177868","targetHints":{"allow":["GET"]}}],"collection":[{"href":"https:\/\/www.europesays.com\/pt\/wp-json\/wp\/v2\/posts"}],"about":[{"href":"https:\/\/www.europesays.com\/pt\/wp-json\/wp\/v2\/types\/post"}],"author":[{"embeddable":true,"href":"https:\/\/www.europesays.com\/pt\/wp-json\/wp\/v2\/users\/2"}],"replies":[{"embeddable":true,"href":"https:\/\/www.europesays.com\/pt\/wp-json\/wp\/v2\/comments?post=177868"}],"version-history":[{"count":0,"href":"https:\/\/www.europesays.com\/pt\/wp-json\/wp\/v2\/posts\/177868\/revisions"}],"wp:featuredmedia":[{"embeddable":true,"href":"https:\/\/www.europesays.com\/pt\/wp-json\/wp\/v2\/media\/177869"}],"wp:attachment":[{"href":"https:\/\/www.europesays.com\/pt\/wp-json\/wp\/v2\/media?parent=177868"}],"wp:term":[{"taxonomy":"category","embeddable":true,"href":"https:\/\/www.europesays.com\/pt\/wp-json\/wp\/v2\/categories?post=177868"},{"taxonomy":"post_tag","embeddable":true,"href":"https:\/\/www.europesays.com\/pt\/wp-json\/wp\/v2\/tags?post=177868"}],"curies":[{"name":"wp","href":"https:\/\/api.w.org\/{rel}","templated":true}]}}