{"id":177874,"date":"2025-12-06T17:33:09","date_gmt":"2025-12-06T17:33:09","guid":{"rendered":"https:\/\/www.europesays.com\/pt\/177874\/"},"modified":"2025-12-06T17:33:09","modified_gmt":"2025-12-06T17:33:09","slug":"comboios-carris-e-barcos-com-servicos-minimos-metro-de-lisboa-de-fora","status":"publish","type":"post","link":"https:\/\/www.europesays.com\/pt\/177874\/","title":{"rendered":"Comboios, Carris e barcos com servi\u00e7os m\u00ednimos, Metro de Lisboa de fora"},"content":{"rendered":"<p>A circula\u00e7\u00e3o de comboios, barcos e da Carris, em Lisboa, ser\u00e3o abrangidos por servi\u00e7os m\u00ednimos durante a greve geral de quinta-feira, 11 de dezembro, mas o Metropolitano n\u00e3o ter\u00e1 servi\u00e7o, segundo decis\u00f5es divulgadas este s\u00e1bado, 6 de dezembro, pelo Conselho Econ\u00f3mico e Social (CES).<\/p>\n<p>De acordo com cinco decis\u00f5es publicadas este s\u00e1bado no <a aria-label=\"content\" target=\"_blank\" href=\"https:\/\/ces.pt\/2025\/12\/06\/decisao-de-servicos-minimos-para-greve-de-11-de-dezembro-de-2025-na-metropolitano-de-lisboa-epe\/\" rel=\"nofollow noopener\">site do CES<\/a>, quanto ao setor ferrovi\u00e1rio s\u00e3o definidos servi\u00e7os m\u00ednimos na CP &#8211; Comboios de Portugal, e quanto \u00e0 gestora Infraestruturas de Portugal (IP), ser\u00e3o &#8220;os necess\u00e1rios a permitir o cumprimento dos servi\u00e7os m\u00ednimos decretados para a CP, a que acrescem os identificados na proposta de servi\u00e7os m\u00ednimos apresentada pela empresa relativa \u00e0 circula\u00e7\u00e3o assegurada pela Fertagus e pela Medway&#8221;.<\/p>\n<p>No <strong>Metropolitano de Lisboa<\/strong> o Tribunal Arbitral do CES decidiu, por unanimidade, &#8220;n\u00e3o fixar servi\u00e7os m\u00ednimos em mat\u00e9ria de circula\u00e7\u00e3o de composi\u00e7\u00f5es&#8221;, mas <strong>na Carris dever\u00e3o ser assegurados os servi\u00e7os de 12 linhas e na Transtejo\/Soflusa realizadas 25% das carreiras nos per\u00edodos entre as 06:00 e 09:30 e das 18:30 \u00e0s 20:00.<\/strong><\/p>\n<p>Relativamente \u00e0 <strong>circula\u00e7\u00e3o de comboios<\/strong>, o tribunal aceitou a proposta de servi\u00e7os m\u00ednimos da CP, mas com exce\u00e7\u00e3o dos comboios de longo curso 133, 134, 523, de 15 circula\u00e7\u00f5es regionais, tr\u00eas urbanos de Coimbra, 33 urbanos de Lisboa e 15 do Porto.<\/p>\n<p>Quanto \u00e0 <strong>Carris,<\/strong> o tribunal decretou o funcionamento do transporte para cidad\u00e3os com mobilidade reduzida e de 12 carreiras, &#8220;mantendo a sua distribui\u00e7\u00e3o proporcional conforme os momentos do dia com maior e menor procura, tomando por refer\u00eancia a frequ\u00eancia hor\u00e1ria prevista em cada carreira num dia normal de semana&#8221;.<\/p>\n<p>Em causa est\u00e3o as linhas 703 (129 viagens), 708 (115 viagens), 717 (162 viagens), 726 (128 viagens), 735 (162 viagens), 736 (165 viagens), 738 (85 viagens), 751 (165 viagens), 755 (128 viagens), 758 (182 viagens), 760 (120 viagens) e 767 (160 viagens).<\/p>\n<p>Nas decis\u00f5es tornadas p\u00fablicas pelo CES este s\u00e1bado, al\u00e9m da aus\u00eancia de servi\u00e7os no Metro de Lisboa e dos per\u00edodos hor\u00e1rios mencionados para os barcos da Transtejo\/Soflusa, o Tribunal Arbitral decidiu acerca dos <strong>voos da Portug\u00e1lia<\/strong>, cujos servi\u00e7os m\u00ednimos incluem &#8220;todos os voos de regresso \u00e0 base de Lisboa e Porto&#8221;, os voos de emerg\u00eancia e os de Estado.<\/p>\n","protected":false},"excerpt":{"rendered":"A circula\u00e7\u00e3o de comboios, barcos e da Carris, em Lisboa, ser\u00e3o abrangidos por servi\u00e7os m\u00ednimos durante a greve&hellip;\n","protected":false},"author":2,"featured_media":177875,"comment_status":"","ping_status":"","sticky":false,"template":"","format":"standard","meta":{"footnotes":""},"categories":[10],"tags":[27,28,17138,13858,15,16,31789,14,25,26,21,22,20244,12,13,19,20,32,23,24,33,17,18,29,30,31],"class_list":{"0":"post-177874","1":"post","2":"type-post","3":"status-publish","4":"format-standard","5":"has-post-thumbnail","7":"category-portugal","8":"tag-breaking-news","9":"tag-breakingnews","10":"tag-carris","11":"tag-comboios","12":"tag-featured-news","13":"tag-featurednews","14":"tag-greve-geral","15":"tag-headlines","16":"tag-latest-news","17":"tag-latestnews","18":"tag-main-news","19":"tag-mainnews","20":"tag-metro-de-lisboa","21":"tag-news","22":"tag-noticias","23":"tag-noticias-principais","24":"tag-noticiasprincipais","25":"tag-portugal","26":"tag-principais-noticias","27":"tag-principaisnoticias","28":"tag-pt","29":"tag-top-stories","30":"tag-topstories","31":"tag-ultimas","32":"tag-ultimas-noticias","33":"tag-ultimasnoticias"},"share_on_mastodon":{"url":"https:\/\/pubeurope.com\/@pt\/115673825527606717","error":""},"_links":{"self":[{"href":"https:\/\/www.europesays.com\/pt\/wp-json\/wp\/v2\/posts\/177874","targetHints":{"allow":["GET"]}}],"collection":[{"href":"https:\/\/www.europesays.com\/pt\/wp-json\/wp\/v2\/posts"}],"about":[{"href":"https:\/\/www.europesays.com\/pt\/wp-json\/wp\/v2\/types\/post"}],"author":[{"embeddable":true,"href":"https:\/\/www.europesays.com\/pt\/wp-json\/wp\/v2\/users\/2"}],"replies":[{"embeddable":true,"href":"https:\/\/www.europesays.com\/pt\/wp-json\/wp\/v2\/comments?post=177874"}],"version-history":[{"count":0,"href":"https:\/\/www.europesays.com\/pt\/wp-json\/wp\/v2\/posts\/177874\/revisions"}],"wp:featuredmedia":[{"embeddable":true,"href":"https:\/\/www.europesays.com\/pt\/wp-json\/wp\/v2\/media\/177875"}],"wp:attachment":[{"href":"https:\/\/www.europesays.com\/pt\/wp-json\/wp\/v2\/media?parent=177874"}],"wp:term":[{"taxonomy":"category","embeddable":true,"href":"https:\/\/www.europesays.com\/pt\/wp-json\/wp\/v2\/categories?post=177874"},{"taxonomy":"post_tag","embeddable":true,"href":"https:\/\/www.europesays.com\/pt\/wp-json\/wp\/v2\/tags?post=177874"}],"curies":[{"name":"wp","href":"https:\/\/api.w.org\/{rel}","templated":true}]}}