{"id":177886,"date":"2025-12-06T17:47:10","date_gmt":"2025-12-06T17:47:10","guid":{"rendered":"https:\/\/www.europesays.com\/pt\/177886\/"},"modified":"2025-12-06T17:47:10","modified_gmt":"2025-12-06T17:47:10","slug":"quase-dois-quilos-de-ecstasy-abandonados-em-mochila-num-autocarro-na-gare-do-oriente","status":"publish","type":"post","link":"https:\/\/www.europesays.com\/pt\/177886\/","title":{"rendered":"Quase dois quilos de ecstasy abandonados em mochila num autocarro na Gare do Oriente"},"content":{"rendered":"<p data-remotead-prev-elm=\"true\" data-remotead-elm-id=\"inread\">A apreens\u00e3o da droga psicoativa MDMA, a que na g\u00edria se chama ecstasy, foi feita pela Divis\u00e3o de Seguran\u00e7a a Transportes P\u00fablicos da PSP, na \u00faltima quinta-feira, 4 de dezembro, pelas 10.34 horas.<\/p>\n<p>Eram 4841 comprimidos de ecstasy, que se encontravam &#8220;no interior de uma mochila abandonada dentro de um autocarro&#8221;, relata PSP, sem contudo identificar o pa\u00eds da Uni\u00e3o Europeia de onde provinha o autocarro, nem descrever as circunst\u00e2ncias que justificaram a ida da PSP ao local e apreens\u00e3o da droga.<\/p>\n<p>O ecstasy \u00e9 uma droga que produz efeitos de desinibi\u00e7\u00e3o e intensifica\u00e7\u00e3o das sensa\u00e7\u00f5es, sendo o seu consumo muito associado a ambientes sociais com m\u00fasica eletr\u00f3nica. Acarreta riscos para a sa\u00fade de curto e longo prazo, ao n\u00edvel, por exemplo, neurol\u00f3gico, dos ris e do f\u00edgado.<\/p>\n<p>A PSP informa, no final do seu comunicado sobre a apreens\u00e3o na Gare do Oriente, que a sua Divis\u00e3o de Seguran\u00e7a a Transportes P\u00fablicos &#8220;mant\u00e9m uma vigil\u00e2ncia cont\u00ednua e rigorosa nas redes de transportes p\u00fablicos ferrovi\u00e1rios e do Metropolitano de Lisboa, visando assegurar a prote\u00e7\u00e3o e a tranquilidade dos passageiros e respetivos bens&#8221;.<\/p>\n","protected":false},"excerpt":{"rendered":"A apreens\u00e3o da droga psicoativa MDMA, a que na g\u00edria se chama ecstasy, foi feita pela Divis\u00e3o de&hellip;\n","protected":false},"author":2,"featured_media":177887,"comment_status":"","ping_status":"","sticky":false,"template":"","format":"standard","meta":{"footnotes":""},"categories":[10],"tags":[27,28,2624,36727,15,16,36728,14,603,25,26,21,22,12,13,19,20,32,23,24,33,17,18,29,30,31],"class_list":{"0":"post-177886","1":"post","2":"type-post","3":"status-publish","4":"format-standard","5":"has-post-thumbnail","7":"category-portugal","8":"tag-breaking-news","9":"tag-breakingnews","10":"tag-droga","11":"tag-ecstasy","12":"tag-featured-news","13":"tag-featurednews","14":"tag-gare-do-oriente","15":"tag-headlines","16":"tag-justica","17":"tag-latest-news","18":"tag-latestnews","19":"tag-main-news","20":"tag-mainnews","21":"tag-news","22":"tag-noticias","23":"tag-noticias-principais","24":"tag-noticiasprincipais","25":"tag-portugal","26":"tag-principais-noticias","27":"tag-principaisnoticias","28":"tag-pt","29":"tag-top-stories","30":"tag-topstories","31":"tag-ultimas","32":"tag-ultimas-noticias","33":"tag-ultimasnoticias"},"share_on_mastodon":{"url":"https:\/\/pubeurope.com\/@pt\/115673880514950338","error":""},"_links":{"self":[{"href":"https:\/\/www.europesays.com\/pt\/wp-json\/wp\/v2\/posts\/177886","targetHints":{"allow":["GET"]}}],"collection":[{"href":"https:\/\/www.europesays.com\/pt\/wp-json\/wp\/v2\/posts"}],"about":[{"href":"https:\/\/www.europesays.com\/pt\/wp-json\/wp\/v2\/types\/post"}],"author":[{"embeddable":true,"href":"https:\/\/www.europesays.com\/pt\/wp-json\/wp\/v2\/users\/2"}],"replies":[{"embeddable":true,"href":"https:\/\/www.europesays.com\/pt\/wp-json\/wp\/v2\/comments?post=177886"}],"version-history":[{"count":0,"href":"https:\/\/www.europesays.com\/pt\/wp-json\/wp\/v2\/posts\/177886\/revisions"}],"wp:featuredmedia":[{"embeddable":true,"href":"https:\/\/www.europesays.com\/pt\/wp-json\/wp\/v2\/media\/177887"}],"wp:attachment":[{"href":"https:\/\/www.europesays.com\/pt\/wp-json\/wp\/v2\/media?parent=177886"}],"wp:term":[{"taxonomy":"category","embeddable":true,"href":"https:\/\/www.europesays.com\/pt\/wp-json\/wp\/v2\/categories?post=177886"},{"taxonomy":"post_tag","embeddable":true,"href":"https:\/\/www.europesays.com\/pt\/wp-json\/wp\/v2\/tags?post=177886"}],"curies":[{"name":"wp","href":"https:\/\/api.w.org\/{rel}","templated":true}]}}