{"id":17789,"date":"2025-08-06T00:28:08","date_gmt":"2025-08-06T00:28:08","guid":{"rendered":"https:\/\/www.europesays.com\/pt\/17789\/"},"modified":"2025-08-06T00:28:08","modified_gmt":"2025-08-06T00:28:08","slug":"sc-avanca-na-estrategia-de-vacinacao-contra-sarampo-em-grupos-com-maior-risco-em-2025","status":"publish","type":"post","link":"https:\/\/www.europesays.com\/pt\/17789\/","title":{"rendered":"SC avan\u00e7a na estrat\u00e9gia de vacina\u00e7\u00e3o contra sarampo em grupos com maior risco em 2025"},"content":{"rendered":"<p>                            <a href=\"https:\/\/img.nsctotal.com.br\/wp-content\/uploads\/2025\/08\/sarampo.jpg\" data-caption=\"(Foto: Sid Macedo,  Ascom\/SES)\" aria-label=\"(Foto: Sid Macedo,  Ascom\/SES)\" rel=\"nofollow noopener\" target=\"_blank\"><img width=\"944\" height=\"531\" src=\"https:\/\/www.europesays.com\/pt\/wp-content\/uploads\/2025\/08\/sarampo-944x531.jpg\" class=\"attachment-custom-large size-custom-large article-featured-image\" alt=\"\" fetchpriority=\"high\" decoding=\"async\"  \/><\/a><\/p>\n<p>O sarampo \u00e9 uma doen\u00e7a infecciosa aguda, altamente contagiosa, que pode ser grave e at\u00e9 fatal (Foto: Sid Macedo,  Ascom\/SES)<\/p>\n<p>A Secretaria de Estado da Sa\u00fade de Santa Catarina (SES\/SC), em parceria com os munic\u00edpios catarinenses, promove a partir de agosto a intensifica\u00e7\u00e3o da vacina\u00e7\u00e3o contra o sarampo a trabalhadores de portos, aeroportos e terminais rodovi\u00e1rios. Esta a\u00e7\u00e3o faz parte da estrat\u00e9gia de imuniza\u00e7\u00e3o contra a doen\u00e7a, <strong><a href=\"https:\/\/www.nsctotal.com.br\/noticias\/sc-implementa-dose-zero-contra-o-sarampo-em-bebes-de-6-a-11-meses\" target=\"_blank\" rel=\"noreferrer noopener nofollow\">iniciada no m\u00eas de junho<\/a><\/strong>, ampliando a prote\u00e7\u00e3o da popula\u00e7\u00e3o n\u00e3o vacinada, principalmente em grupos que t\u00eam mais chances de contato com o v\u00edrus. O intuito, segundo a pasta, \u00e9 evitar o registro de novos casos e surtos da doen\u00e7a no Estado.<\/p>\n<p>Continua depois da publicidade<\/p>\n<p>A Diretoria de Vigil\u00e2ncia Epidemiol\u00f3gica de Santa Catarina (Dive\/SC) j\u00e1 est\u00e1 orientando os munic\u00edpios para organizarem o pr\u00f3prio m\u00e9todo de vacina\u00e7\u00e3o de acordo com a realidade local, segundo a SES. Entre as a\u00e7\u00f5es, est\u00e1 a ida de profissionais de sa\u00fade at\u00e9 os locais de trabalho para realizar a aplica\u00e7\u00e3o da dose.\u00a0<\/p>\n<p>\u2014 Neste momento, a estrat\u00e9gia \u00e9 direcionada a grupos de trabalhadores e profissionais que podem estar mais expostos a casos suspeitos ou confirmados de sarampo, de forma a garantir a prote\u00e7\u00e3o destas pessoas e reduzir o risco de dissemina\u00e7\u00e3o do v\u00edrus do sarampo \u2014 explica Jo\u00e3o Augusto Fuck, diretor da DIVE.\u00a0\u00a0<\/p>\n<p>Vacina \u00e9 forma mais eficaz de prevenir sarampo<\/p>\n<p>A forma mais eficaz de prevenir o sarampo \u00e9 com a vacina tr\u00edplice viral, segundo a SES. De acordo com o Calend\u00e1rio Vacinal, do Programa Nacional de Imuniza\u00e7\u00f5es (PNI), o imunizante protege contra o sarampo, al\u00e9m da caxumba e rub\u00e9ola.<\/p>\n<p>A estrat\u00e9gia para intensificar o combate \u00e0 doen\u00e7a no territ\u00f3rio catarinense come\u00e7ou em junho, com a <strong><a href=\"https:\/\/www.nsctotal.com.br\/noticias\/sc-implementa-dose-zero-contra-o-sarampo-em-bebes-de-6-a-11-meses\" target=\"_blank\" rel=\"noreferrer noopener nofollow\">aplica\u00e7\u00e3o da dose zero em crian\u00e7as<\/a><\/strong> de 6 meses a 11 meses e 29 dias de idade.<\/p>\n<p>Continua depois da publicidade<\/p>\n<p><strong><a href=\"https:\/\/www.nsctotal.com.br\/noticias\/sc-implementa-dose-zero-contra-o-sarampo-em-bebes-de-6-a-11-meses\" target=\"_blank\" rel=\"noreferrer noopener nofollow\">SC implementa \u201cDose Zero\u201d contra o sarampo em beb\u00eas de 6 a 11 meses\u00a0<\/a><\/strong><\/p>\n<p>A a\u00e7\u00e3o para vacinar outros grupos com maior risco de exposi\u00e7\u00e3o ao v\u00edrus segue nos pr\u00f3ximos meses at\u00e9 dezembro de 2025. O imunizante tamb\u00e9m est\u00e1 dispon\u00edvel nas salas de vacina da rede p\u00fablica para a faixa et\u00e1ria entre 12 meses e 59 anos de idade. Indiv\u00edduos at\u00e9 29 anos de idade devem comprovar duas doses da vacina e, pessoas entre 30 a 59 anos de idade, devem comprovar uma dose da vacina. Crian\u00e7as entre 6 a 11 meses de idade devem receber a dose zero.<\/p>\n<p>Em 2024, no Estado, a vacina da tr\u00edplice viral alcan\u00e7ou a meta estabelecida, com 96,80% (crian\u00e7as de 1 ano de idade). Em 2025, no primeiro trimestre, o registro foi de 93,23%.\u00a0<\/p>\n<p>Sem casos desde 2020, SC quer prevenir doen\u00e7a<\/p>\n<p>Em Santa Catarina, o \u00faltimo surto de sarampo registrou 411 casos confirmados, de julho de 2019 (304 casos) a 2020 (107).\u00a0<\/p>\n<p>\u2014 Apesar de Santa Catarina n\u00e3o apresentar nenhum caso da doen\u00e7a desde 2020, refor\u00e7amos as medidas que fortale\u00e7am a preven\u00e7\u00e3o, a detec\u00e7\u00e3o precoce, a notifica\u00e7\u00e3o e a resposta r\u00e1pida, para a interromper uma poss\u00edvel circula\u00e7\u00e3o viral. Precisamos ficar atentos aos sinais e sintomas do Sarampo, que apresentam febre, manchas vermelhas no corpo, sempre associados a tosse, coriza ou conjuntivite, independentemente da idade e do hist\u00f3rico vacinal, especialmente em pacientes com viagens ao exterior ou contato de viajantes \u2014 destaca Arieli Fialho, gerente de imuniza\u00e7\u00e3o da Dive\/SC.<\/p>\n<p>Continua depois da publicidade<\/p>\n<p>Veja a estrat\u00e9gia de vacina\u00e7\u00e3o contra o sarampo em SC<\/p>\n<ul class=\"wp-block-list\">\n<li>Junho: Introdu\u00e7\u00e3o da dose zero em crian\u00e7as entre 6 a 11 meses e 29 dias<\/li>\n<li>Agosto: Trabalhadores de Portos, Aeroportos e Rodovi\u00e1rias;\u00a0<\/li>\n<li>Setembro: Motoristas de aplicativos e t\u00e1xis;<\/li>\n<li>Outubro: Trabalhadores da rede hoteleira;<\/li>\n<li>Novembro: Trabalhadores das ind\u00fastrias;<\/li>\n<li>Dezembro: Trabalhadores da sa\u00fade.<\/li>\n<\/ul>\n<p>*Sob supervis\u00e3o de Giovanna Pacheco<\/p>\n<p>Leia tamb\u00e9m<\/p>\n<p><a href=\"https:\/\/www.nsctotal.com.br\/noticias\/ozempic-brasileiro-sera-vendido-em-sc-ate-o-fim-da-semana-com-precos-a-partir-de-r-307\" target=\"_blank\" rel=\"noreferrer noopener nofollow\"><strong>Ozempic brasileiro ser\u00e1 vendido em SC at\u00e9 o fim da semana com pre\u00e7os a partir de R$ 307<\/strong><\/a><\/p>\n<p><a href=\"https:\/\/www.nsctotal.com.br\/noticias\/sc-teve-quase-10-mil-erros-medicos-com-danos-a-pacientes-em-2025\" target=\"_blank\" rel=\"noreferrer noopener nofollow\"><strong>SC teve quase 10 mil erros m\u00e9dicos com danos a pacientes em 2025<\/strong><\/a><\/p>\n<p><a href=\"https:\/\/www.nsctotal.com.br\/noticias\/depressao-sazonal-para-alem-de-desconforto-fisico-frio-pode-trazer-impactos-emocionais\" target=\"_blank\" rel=\"noreferrer noopener nofollow\"><strong>\u201cDepress\u00e3o sazonal\u201d: para al\u00e9m de desconforto f\u00edsico, frio pode trazer impactos emocionais<\/strong><\/a><\/p>\n","protected":false},"excerpt":{"rendered":"O sarampo \u00e9 uma doen\u00e7a infecciosa aguda, altamente contagiosa, que pode ser grave e at\u00e9 fatal (Foto: Sid&hellip;\n","protected":false},"author":2,"featured_media":17790,"comment_status":"","ping_status":"","sticky":false,"template":"","format":"standard","meta":{"footnotes":""},"categories":[86],"tags":[829,116,32,33,117],"class_list":{"0":"post-17789","1":"post","2":"type-post","3":"status-publish","4":"format-standard","5":"has-post-thumbnail","7":"category-saude","8":"tag-conteudo-liberado","9":"tag-health","10":"tag-portugal","11":"tag-pt","12":"tag-saude"},"share_on_mastodon":{"url":"","error":""},"_links":{"self":[{"href":"https:\/\/www.europesays.com\/pt\/wp-json\/wp\/v2\/posts\/17789","targetHints":{"allow":["GET"]}}],"collection":[{"href":"https:\/\/www.europesays.com\/pt\/wp-json\/wp\/v2\/posts"}],"about":[{"href":"https:\/\/www.europesays.com\/pt\/wp-json\/wp\/v2\/types\/post"}],"author":[{"embeddable":true,"href":"https:\/\/www.europesays.com\/pt\/wp-json\/wp\/v2\/users\/2"}],"replies":[{"embeddable":true,"href":"https:\/\/www.europesays.com\/pt\/wp-json\/wp\/v2\/comments?post=17789"}],"version-history":[{"count":0,"href":"https:\/\/www.europesays.com\/pt\/wp-json\/wp\/v2\/posts\/17789\/revisions"}],"wp:featuredmedia":[{"embeddable":true,"href":"https:\/\/www.europesays.com\/pt\/wp-json\/wp\/v2\/media\/17790"}],"wp:attachment":[{"href":"https:\/\/www.europesays.com\/pt\/wp-json\/wp\/v2\/media?parent=17789"}],"wp:term":[{"taxonomy":"category","embeddable":true,"href":"https:\/\/www.europesays.com\/pt\/wp-json\/wp\/v2\/categories?post=17789"},{"taxonomy":"post_tag","embeddable":true,"href":"https:\/\/www.europesays.com\/pt\/wp-json\/wp\/v2\/tags?post=17789"}],"curies":[{"name":"wp","href":"https:\/\/api.w.org\/{rel}","templated":true}]}}