{"id":177913,"date":"2025-12-06T18:12:11","date_gmt":"2025-12-06T18:12:11","guid":{"rendered":"https:\/\/www.europesays.com\/pt\/177913\/"},"modified":"2025-12-06T18:12:11","modified_gmt":"2025-12-06T18:12:11","slug":"apps-de-ia-dominam-lista-de-melhores-aplicacoes-na-loja-da-apple","status":"publish","type":"post","link":"https:\/\/www.europesays.com\/pt\/177913\/","title":{"rendered":"Apps de IA dominam lista de melhores aplica\u00e7\u00f5es na loja da Apple"},"content":{"rendered":"<p>A Apple anunciou esta quinta-feira, dia 4, os vencedores da edi\u00e7\u00e3o 2025 dos App Store Awards, uma iniciativa anual atrav\u00e9s da qual a \u2018Empresa da Ma\u00e7\u00e3\u2019 destaca aquelas que considera terem sido as grandes aplica\u00e7\u00f5es lan\u00e7adas para os seus diferentes produtos.<\/p>\n<p>Sem surpresa, as apps vencedoras de 2025 est\u00e3o quase todas na categoria de Intelig\u00eancia Artificial &#8211; um forte indicador da presen\u00e7a cada vez maior desta tecnologia nas nossas vidas di\u00e1rias.<\/p>\n<p>Para iPhone, a app vencedora foi a <a href=\"https:\/\/www.tiimoapp.com\/pt-br\" target=\"_blank\" rel=\"noopener nofollow\">Tiimo<\/a>. Esta app dedicada ao planeamento e organiza\u00e7\u00e3o, recorre a Intelig\u00eancia Artificial para ajudar os utilizadores a visualizarem mais facilmente as tarefas que t\u00eam pela frente.<\/p>\n<p>                                                    <img decoding=\"async\" src=\"https:\/\/www.europesays.com\/pt\/wp-content\/uploads\/2025\/12\/naom_65eec5370e3c6.jpg\" border=\"0\" alt=\"Apple troca executivo respons\u00e1vel pela \u00e1rea de Intelig\u00eancia Artificial\"\/><\/p>\n<p>John Giannandrea deixa a Apple e Amar Subramanya, ex-executivo da Google e Microsoft, assume a \u00e1rea de Intelig\u00eancia Artificial da empresa. Objetivo do CEO Tim Cook \u00e9 lan\u00e7ar a pr\u00f3xima gera\u00e7\u00e3o da assistente digital Siri no pr\u00f3ximo ano.<\/p>\n<p>                                                     Miguel Patinha Dias | 08:59 &#8211; 02\/12\/2025 <\/p>\n<p>No iPad o destaque foi para a <a href=\"https:\/\/detail.co\/\" target=\"_blank\" rel=\"noopener nofollow\">Detail<\/a>, que recorre a Intelig\u00eancia Artificial para simplificar o processo de editar ficheiros em v\u00eddeo. A app em quest\u00e3o permite n\u00e3o s\u00f3 filmar, como tratar automaticamente do processo de edi\u00e7\u00e3o para acelerar a partilha dos criadores de conte\u00fados.<\/p>\n<p>J\u00e1 no que diz respeito ao Mac, a aplica\u00e7\u00e3o vencedora do t\u00edtulo de melhor app do ano foi a <a href=\"https:\/\/www.essayist.app\/\" target=\"_blank\" rel=\"noopener nofollow\">Essayist<\/a>, que usa Intelig\u00eancia Artificial para simplificar a formata\u00e7\u00e3o de trabalhos acad\u00e9micos. Al\u00e9m de ajudar com as cita\u00e7\u00f5es, a app tamb\u00e9m ajuda no trabalho moroso de adicionar refer\u00eancias.<\/p>\n<p>\u201cTodos os anos somos inspirados pela forma como os developers transformam as suas melhores ideias em experi\u00eancias inovadoras que enriquecem a vida das pessoas\u201d, pode ler-se no <a href=\"https:\/\/www.apple.com\/ci\/newsroom\/2025\/12\/apple-unveils-the-winners-of-the-2025-app-store-awards\/\" target=\"_blank\" rel=\"noopener nofollow\">comunicado<\/a> do CEO da Apple, Tim Cook. \u201cOs vencedores deste ano representam a criatividade e a excel\u00eancia que definem a App Store e demonstram o impacto significativo que as apps e jogos de classe mundial t\u00eam nas pessoas por todo o lado\u201d.<\/p>\n<p>Leia Tamb\u00e9m: <a href=\"https:\/\/www.noticiasaominuto.com\/tech\/2898563\/apple-vai-lancar-menos-modelos-do-iphone-em-2026\" target=\"_blank\" rel=\"noopener noreferrer nofollow\">Apple vai lan\u00e7ar menos modelos do iPhone em 2026<\/a><\/p>\n","protected":false},"excerpt":{"rendered":"A Apple anunciou esta quinta-feira, dia 4, os vencedores da edi\u00e7\u00e3o 2025 dos App Store Awards, uma iniciativa&hellip;\n","protected":false},"author":2,"featured_media":177914,"comment_status":"","ping_status":"","sticky":false,"template":"","format":"standard","meta":{"footnotes":""},"categories":[84],"tags":[109,107,108,32,33,105,103,104,106,110],"class_list":{"0":"post-177913","1":"post","2":"type-post","3":"status-publish","4":"format-standard","5":"has-post-thumbnail","7":"category-ciencia-e-tecnologia","8":"tag-ciencia","9":"tag-ciencia-e-tecnologia","10":"tag-cienciaetecnologia","11":"tag-portugal","12":"tag-pt","13":"tag-science","14":"tag-science-and-technology","15":"tag-scienceandtechnology","16":"tag-technology","17":"tag-tecnologia"},"share_on_mastodon":{"url":"https:\/\/pubeurope.com\/@pt\/115673979074860059","error":""},"_links":{"self":[{"href":"https:\/\/www.europesays.com\/pt\/wp-json\/wp\/v2\/posts\/177913","targetHints":{"allow":["GET"]}}],"collection":[{"href":"https:\/\/www.europesays.com\/pt\/wp-json\/wp\/v2\/posts"}],"about":[{"href":"https:\/\/www.europesays.com\/pt\/wp-json\/wp\/v2\/types\/post"}],"author":[{"embeddable":true,"href":"https:\/\/www.europesays.com\/pt\/wp-json\/wp\/v2\/users\/2"}],"replies":[{"embeddable":true,"href":"https:\/\/www.europesays.com\/pt\/wp-json\/wp\/v2\/comments?post=177913"}],"version-history":[{"count":0,"href":"https:\/\/www.europesays.com\/pt\/wp-json\/wp\/v2\/posts\/177913\/revisions"}],"wp:featuredmedia":[{"embeddable":true,"href":"https:\/\/www.europesays.com\/pt\/wp-json\/wp\/v2\/media\/177914"}],"wp:attachment":[{"href":"https:\/\/www.europesays.com\/pt\/wp-json\/wp\/v2\/media?parent=177913"}],"wp:term":[{"taxonomy":"category","embeddable":true,"href":"https:\/\/www.europesays.com\/pt\/wp-json\/wp\/v2\/categories?post=177913"},{"taxonomy":"post_tag","embeddable":true,"href":"https:\/\/www.europesays.com\/pt\/wp-json\/wp\/v2\/tags?post=177913"}],"curies":[{"name":"wp","href":"https:\/\/api.w.org\/{rel}","templated":true}]}}