{"id":177915,"date":"2025-12-06T18:14:22","date_gmt":"2025-12-06T18:14:22","guid":{"rendered":"https:\/\/www.europesays.com\/pt\/177915\/"},"modified":"2025-12-06T18:14:22","modified_gmt":"2025-12-06T18:14:22","slug":"as-desconfiancas-entre-aliados-que-afetam-o-apoio-a-ucrania-observador","status":"publish","type":"post","link":"https:\/\/www.europesays.com\/pt\/177915\/","title":{"rendered":"As desconfian\u00e7as entre aliados que afetam o apoio \u00e0 Ucr\u00e2nia \u2013 Observador"},"content":{"rendered":"<p>O fim da guerra na Ucr\u00e2nia \u00e9 um desejo partilhado com muitas das na\u00e7\u00f5es europeias. Por\u00e9m, enquanto os l\u00edderes norte-americanos enfatizam a \u201cceleridade\u201d da paz, os l\u00edderes europeus \u2014 incluindo o Presidente ucraniano \u2014 focam-se na sua \u201cjusti\u00e7a\u201d, ao mobilizar repetidamente o conceito de \u201cpaz justa e duradoura\u201d. Esta disson\u00e2ncia entre os desejos para a Ucr\u00e2nia dos dois lados do Atl\u00e2ntico \u00e9 reconhecido no texto do documento, onde se pode ler que \u201ca administra\u00e7\u00e3o Trump se encontra em conflito com os respons\u00e1veis europeus que t\u00eam expectativas irrealistas em rela\u00e7\u00e3o \u00e0 guerra\u201d.<\/p>\n<p>A dificuldade em trabalhar em sintonia tamb\u00e9m \u00e9 reconhecida pelos l\u00edderes europeus, que numa reuni\u00e3o na passada segunda-feira ter\u00e3o ido ainda mais longe e expressado <strong>desconfian\u00e7a<\/strong> em rela\u00e7\u00e3o aos parceiros norte-americanos. O sentimento incidiu em particular sobre os enviados especiais de Donald Trump, Steve Witkoff e Jared Kushner que, no dia a seguir a esse mesmo encontro dos europeus, se encontraram com Vladimir Putin na R\u00fassia. O Presidente franc\u00eas, <strong>Emmanuel Macron<\/strong>, ter\u00e1 mesmo expressado receio de uma \u201c<strong>trai\u00e7\u00e3o<\/strong>\u201d dos norte-americanos \u00e0 Ucr\u00e2nia, segundo transcri\u00e7\u00f5es da reuni\u00e3o privada divulgadas pelo <a href=\"https:\/\/www.spiegel.de\/international\/europe\/confidential-conference-on-ukraine-peace-we-must-not-leave-ukraine-and-volodymyr-alone-with-these-guys-a-a7b269ed-b6c2-4739-8e83-81552e097c14\" rel=\"nofollow noopener\" target=\"_blank\">Der Spiegel<\/a>. Contudo, publicamente, Macron negou as declara\u00e7\u00f5es e insistiu: \u201cA uni\u00e3o entre americanos e europeus no assunto ucraniano \u00e9 essencial\u201d.<\/p>\n<p>No espa\u00e7o de quase um ano desde que Donald Trump regressou \u00e0 Casa Branca, o Presidente dos Estados Unidos tem mantido uma postura no m\u00ednimo err\u00e1tica no que toca \u00e0 guerra na Ucr\u00e2nia. Quando tomou posse, o chefe de Estado trazia da campanha a promessa de p\u00f4r fim ao conflito em poucos dias. A promessa rapidamente se verificou dif\u00edcil de cumprir e, ao longo dos \u00faltimos meses, Trump tentou v\u00e1rias abordagens para fazer frente \u00e0 guerra: ora pressionou Moscovo, ora Kiev; ora se aproximou de um, ora de outro.<\/p>\n<p>Os desenvolvimentos mais recentes culminaram com a apresenta\u00e7\u00e3o de um plano de 28 pontos, em <a href=\"https:\/\/observador.pt\/especiais\/uma-lista-de-desejos-russa-ou-uma-proposta-dos-eua-o-caos-em-redor-das-negociacoes-do-acordo-de-paz-na-ucrania\/\" rel=\"nofollow noopener\" target=\"_blank\">meados de novembro<\/a>, que foi depois <a href=\"https:\/\/observador.pt\/especiais\/ucrania-aceita-nova-versao-do-acordo-de-paz-dos-eua-mas-estara-putin-disposto-a-fazer-concessoes\/\" rel=\"nofollow noopener\" target=\"_blank\">revisto em negocia\u00e7\u00f5es<\/a> com os ucranianos, que recusaram as exig\u00eancias que eram feitas, dada a sua proximidade com a posi\u00e7\u00e3o russa. Enquanto Estados Unidos, R\u00fassia e Ucr\u00e2nia protagonizavam mais uma ronda de tensas (e pouco produtivas) negocia\u00e7\u00f5es, tamb\u00e9m a Europa desempenhava o mesmo papel que tem mantido ao longo deste ano: o de negociador exclu\u00eddo da mesa que tenta provar a sua import\u00e2ncia.<\/p>\n<p>Fora da mesa das negocia\u00e7\u00f5es, resta \u00e0 Europa consolidar-se como o principal apoio da Ucr\u00e2nia, em duas dimens\u00f5es: pol\u00edtica e econ\u00f3mica. O apoio pol\u00edtico passa principalmente pela defesa de Kiev, em particular de <strong>Volodymyr Zelensky<\/strong>, junto dos Estados Unidos, funcionando como contrapeso da influ\u00eancia russa junto da Casa Branca. Prova disso \u00e9 a videoconfer\u00eancia desta segunda-feira, em que sete chefes de Estado e de Governo da Europa se juntaram ao secret\u00e1rio-geral da NATO, <strong>Mark Rutte<\/strong>, \u00e0 presidente da Comiss\u00e3o Europeia, <strong>Ursula von der Leyen<\/strong>, e ao presidente do Conselho Europeu, <strong>Ant\u00f3nio Costa<\/strong>, para fazer um ponto de situa\u00e7\u00e3o e ajudar o Presidente ucraniano durante a mais recente ronda de negocia\u00e7\u00f5es.<\/p>\n","protected":false},"excerpt":{"rendered":"O fim da guerra na Ucr\u00e2nia \u00e9 um desejo partilhado com muitas das na\u00e7\u00f5es europeias. Por\u00e9m, enquanto os&hellip;\n","protected":false},"author":2,"featured_media":177916,"comment_status":"","ping_status":"","sticky":false,"template":"","format":"standard","meta":{"footnotes":""},"categories":[50],"tags":[624,27,28,623,445,15,16,1123,14,25,26,21,22,62,12,13,19,20,23,24,3879,17,18,1124,29,30,31,554,63,64,65],"class_list":{"0":"post-177915","1":"post","2":"type-post","3":"status-publish","4":"format-standard","5":"has-post-thumbnail","7":"category-mundo","8":"tag-amu00e9rica","9":"tag-breaking-news","10":"tag-breakingnews","11":"tag-estados-unidos-da-amu00e9rica","12":"tag-europa","13":"tag-featured-news","14":"tag-featurednews","15":"tag-guerra-na-ucru00e2nia","16":"tag-headlines","17":"tag-latest-news","18":"tag-latestnews","19":"tag-main-news","20":"tag-mainnews","21":"tag-mundo","22":"tag-news","23":"tag-noticias","24":"tag-noticias-principais","25":"tag-noticiasprincipais","26":"tag-principais-noticias","27":"tag-principaisnoticias","28":"tag-ru00fassia","29":"tag-top-stories","30":"tag-topstories","31":"tag-ucru00e2nia","32":"tag-ultimas","33":"tag-ultimas-noticias","34":"tag-ultimasnoticias","35":"tag-uniu00e3o-europeia","36":"tag-world","37":"tag-world-news","38":"tag-worldnews"},"share_on_mastodon":{"url":"","error":"Validation failed: Text character limit of 500 exceeded"},"_links":{"self":[{"href":"https:\/\/www.europesays.com\/pt\/wp-json\/wp\/v2\/posts\/177915","targetHints":{"allow":["GET"]}}],"collection":[{"href":"https:\/\/www.europesays.com\/pt\/wp-json\/wp\/v2\/posts"}],"about":[{"href":"https:\/\/www.europesays.com\/pt\/wp-json\/wp\/v2\/types\/post"}],"author":[{"embeddable":true,"href":"https:\/\/www.europesays.com\/pt\/wp-json\/wp\/v2\/users\/2"}],"replies":[{"embeddable":true,"href":"https:\/\/www.europesays.com\/pt\/wp-json\/wp\/v2\/comments?post=177915"}],"version-history":[{"count":0,"href":"https:\/\/www.europesays.com\/pt\/wp-json\/wp\/v2\/posts\/177915\/revisions"}],"wp:featuredmedia":[{"embeddable":true,"href":"https:\/\/www.europesays.com\/pt\/wp-json\/wp\/v2\/media\/177916"}],"wp:attachment":[{"href":"https:\/\/www.europesays.com\/pt\/wp-json\/wp\/v2\/media?parent=177915"}],"wp:term":[{"taxonomy":"category","embeddable":true,"href":"https:\/\/www.europesays.com\/pt\/wp-json\/wp\/v2\/categories?post=177915"},{"taxonomy":"post_tag","embeddable":true,"href":"https:\/\/www.europesays.com\/pt\/wp-json\/wp\/v2\/tags?post=177915"}],"curies":[{"name":"wp","href":"https:\/\/api.w.org\/{rel}","templated":true}]}}