{"id":177917,"date":"2025-12-06T18:15:37","date_gmt":"2025-12-06T18:15:37","guid":{"rendered":"https:\/\/www.europesays.com\/pt\/177917\/"},"modified":"2025-12-06T18:15:37","modified_gmt":"2025-12-06T18:15:37","slug":"video-que-captou-bombeiro-a-agredir-a-mulher-e-prova-valida-dizem-juizes-do-tribunal-da-relacao","status":"publish","type":"post","link":"https:\/\/www.europesays.com\/pt\/177917\/","title":{"rendered":"V\u00eddeo que captou bombeiro a agredir a mulher \u00e9 prova v\u00e1lida, dizem ju\u00edzes do Tribunal da Rela\u00e7\u00e3o"},"content":{"rendered":"<p data-remotead-prev-elm=\"true\" data-remotead-elm-id=\"inread\">Embora tenha confessado parcialmente os factos, o arguido contestou as medidas de coa\u00e7\u00e3o. E, aqui, alegou que havia sido valorada prova nula pela ju\u00edza de instru\u00e7\u00e3o criminal, por a c\u00e2mara particular n\u00e3o cumprir a legisla\u00e7\u00e3o regulamentar, nem a respetiva grava\u00e7\u00e3o ter sido obtida com o seu consentimento, justificou. Mas, em ac\u00f3rd\u00e3o proferido esta semana, os ju\u00edzes Rui Coelho, Jo\u00e3o Ferreira e Ester Pacheco dos Santos afirmam que as v\u00edtimas residiam, &#8220;temporariamente, sem o arguido&#8221;, numa habita\u00e7\u00e3o pertencente a familiares, e que o sistema de videovigil\u00e2ncia desta casa, onde ocorreram os crimes, tinha sido instalado no exterior da mesma com a &#8220;finalidade de se evitar a pr\u00e1tica de crimes patrimoniais, sem que tivesse havido, por isso, qualquer intromiss\u00e3o na vida privada do arguido&#8221;, argumentaram os desembargadores.<\/p>\n<p>Acesso exclusivo a assinantes<\/p>\n<p>Acesso ilimitado a conte\u00fados exclusivos<\/p>\n<p>Navega\u00e7\u00e3o sem publicidade intrusiva<\/p>\n<p>Vers\u00e3o digital do jornal, suplementos e revistas<\/p>\n","protected":false},"excerpt":{"rendered":"Embora tenha confessado parcialmente os factos, o arguido contestou as medidas de coa\u00e7\u00e3o. E, aqui, alegou que havia&hellip;\n","protected":false},"author":2,"featured_media":177918,"comment_status":"","ping_status":"","sticky":false,"template":"","format":"standard","meta":{"footnotes":""},"categories":[10],"tags":[27,28,15,16,14,603,25,26,36730,1301,21,22,12,13,19,20,32,23,24,1306,33,17,18,29,30,31,3218],"class_list":{"0":"post-177917","1":"post","2":"type-post","3":"status-publish","4":"format-standard","5":"has-post-thumbnail","7":"category-portugal","8":"tag-breaking-news","9":"tag-breakingnews","10":"tag-featured-news","11":"tag-featurednews","12":"tag-headlines","13":"tag-justica","14":"tag-latest-news","15":"tag-latestnews","16":"tag-machico","17":"tag-madeira","18":"tag-main-news","19":"tag-mainnews","20":"tag-news","21":"tag-noticias","22":"tag-noticias-principais","23":"tag-noticiasprincipais","24":"tag-portugal","25":"tag-principais-noticias","26":"tag-principaisnoticias","27":"tag-psp","28":"tag-pt","29":"tag-top-stories","30":"tag-topstories","31":"tag-ultimas","32":"tag-ultimas-noticias","33":"tag-ultimasnoticias","34":"tag-violencia-domestica"},"share_on_mastodon":{"url":"https:\/\/pubeurope.com\/@pt\/115673990798568072","error":""},"_links":{"self":[{"href":"https:\/\/www.europesays.com\/pt\/wp-json\/wp\/v2\/posts\/177917","targetHints":{"allow":["GET"]}}],"collection":[{"href":"https:\/\/www.europesays.com\/pt\/wp-json\/wp\/v2\/posts"}],"about":[{"href":"https:\/\/www.europesays.com\/pt\/wp-json\/wp\/v2\/types\/post"}],"author":[{"embeddable":true,"href":"https:\/\/www.europesays.com\/pt\/wp-json\/wp\/v2\/users\/2"}],"replies":[{"embeddable":true,"href":"https:\/\/www.europesays.com\/pt\/wp-json\/wp\/v2\/comments?post=177917"}],"version-history":[{"count":0,"href":"https:\/\/www.europesays.com\/pt\/wp-json\/wp\/v2\/posts\/177917\/revisions"}],"wp:featuredmedia":[{"embeddable":true,"href":"https:\/\/www.europesays.com\/pt\/wp-json\/wp\/v2\/media\/177918"}],"wp:attachment":[{"href":"https:\/\/www.europesays.com\/pt\/wp-json\/wp\/v2\/media?parent=177917"}],"wp:term":[{"taxonomy":"category","embeddable":true,"href":"https:\/\/www.europesays.com\/pt\/wp-json\/wp\/v2\/categories?post=177917"},{"taxonomy":"post_tag","embeddable":true,"href":"https:\/\/www.europesays.com\/pt\/wp-json\/wp\/v2\/tags?post=177917"}],"curies":[{"name":"wp","href":"https:\/\/api.w.org\/{rel}","templated":true}]}}