{"id":177919,"date":"2025-12-06T18:16:09","date_gmt":"2025-12-06T18:16:09","guid":{"rendered":"https:\/\/www.europesays.com\/pt\/177919\/"},"modified":"2025-12-06T18:16:09","modified_gmt":"2025-12-06T18:16:09","slug":"benfica-nao-pode-vender-2-jogadores-no-mercado-de-transferencias-de-inverno","status":"publish","type":"post","link":"https:\/\/www.europesays.com\/pt\/177919\/","title":{"rendered":"Benfica n\u00e3o pode vender 2 jogadores no mercado de transfer\u00eancias de inverno"},"content":{"rendered":"<p>&#8211; Advertisement &#8211;<\/p>\n<p><strong>O Benfica n\u00e3o poder\u00e1 vender neste mercado de transfer\u00eancias dois jogadores do plantel: Dodi Lukebakio e Franjo Ivanovic.<\/strong><\/p>\n<p>O Benfica pode realizar algumas altera\u00e7\u00f5es no seu plantel no mercado de inverno, <a href=\"https:\/\/bolanarede.pt\/especial-bola-na-rede\/atualidade\/benfica-jose-mourinho-quer-reforcar-plantel-e-pede-2-extremos-e-um-lateral\/\" target=\"_blank\" rel=\"noreferrer noopener nofollow\">com Jos\u00e9 Mourinho interessado em contar com alguns refor\u00e7os para determinadas posi\u00e7\u00f5es<\/a>. N\u00e3o est\u00e3o fechadas as portas de sa\u00edda a alguns jogadores, mas h\u00e1 dois nomes que n\u00e3o podem deixar o Est\u00e1dio da Luz.<\/p>\n<p>Dodi Lukebakio e Franjo Ivanovic assinaram pelo Benfica no \u00faltimo mercado, mas j\u00e1 representaram dois emblemas na presente temporada e a UEFA pro\u00edbe uma terceira inscri\u00e7\u00e3o num emblema diferente. O belga fez duas partidas pelo Sevilha, com um golo. J\u00e1 o croata participou num jogo e um golo ao servi\u00e7o do Union Saint Gilloise.<\/p>\n<p>A situa\u00e7\u00e3o de Richard R\u00edos \u00e9 diferente, j\u00e1 que o m\u00e9dio representava o Palmeiras, que veio de uma confedera\u00e7\u00e3o diferente, com um calend\u00e1rio distinto ao europeu. Enzo Barrenechea e Georgiy Sudakov tamb\u00e9m n\u00e3o devem sair do Benfica, j\u00e1 que est\u00e3o em Lisboa ainda na condi\u00e7\u00e3o de cedidos.<\/p>\n","protected":false},"excerpt":{"rendered":"&#8211; Advertisement &#8211; O Benfica n\u00e3o poder\u00e1 vender neste mercado de transfer\u00eancias dois jogadores do plantel: Dodi Lukebakio&hellip;\n","protected":false},"author":2,"featured_media":177920,"comment_status":"","ping_status":"","sticky":false,"template":"","format":"standard","meta":{"footnotes":""},"categories":[8],"tags":[260,51,27,28,478,15191,15,16,261,14,25,26,21,22,12,13,19,20,32,479,23,24,33,17,18,29,30,31],"class_list":{"0":"post-177919","1":"post","2":"type-post","3":"status-publish","4":"format-standard","5":"has-post-thumbnail","7":"category-principais-noticias","8":"tag-atualidade","9":"tag-benfica","10":"tag-breaking-news","11":"tag-breakingnews","12":"tag-destaques-bnr","13":"tag-dodi-lukebakio","14":"tag-featured-news","15":"tag-featurednews","16":"tag-franjo-ivanovic","17":"tag-headlines","18":"tag-latest-news","19":"tag-latestnews","20":"tag-main-news","21":"tag-mainnews","22":"tag-news","23":"tag-noticias","24":"tag-noticias-principais","25":"tag-noticiasprincipais","26":"tag-portugal","27":"tag-primeira-liga","28":"tag-principais-noticias","29":"tag-principaisnoticias","30":"tag-pt","31":"tag-top-stories","32":"tag-topstories","33":"tag-ultimas","34":"tag-ultimas-noticias","35":"tag-ultimasnoticias"},"share_on_mastodon":{"url":"https:\/\/pubeurope.com\/@pt\/115673994935569588","error":""},"_links":{"self":[{"href":"https:\/\/www.europesays.com\/pt\/wp-json\/wp\/v2\/posts\/177919","targetHints":{"allow":["GET"]}}],"collection":[{"href":"https:\/\/www.europesays.com\/pt\/wp-json\/wp\/v2\/posts"}],"about":[{"href":"https:\/\/www.europesays.com\/pt\/wp-json\/wp\/v2\/types\/post"}],"author":[{"embeddable":true,"href":"https:\/\/www.europesays.com\/pt\/wp-json\/wp\/v2\/users\/2"}],"replies":[{"embeddable":true,"href":"https:\/\/www.europesays.com\/pt\/wp-json\/wp\/v2\/comments?post=177919"}],"version-history":[{"count":0,"href":"https:\/\/www.europesays.com\/pt\/wp-json\/wp\/v2\/posts\/177919\/revisions"}],"wp:featuredmedia":[{"embeddable":true,"href":"https:\/\/www.europesays.com\/pt\/wp-json\/wp\/v2\/media\/177920"}],"wp:attachment":[{"href":"https:\/\/www.europesays.com\/pt\/wp-json\/wp\/v2\/media?parent=177919"}],"wp:term":[{"taxonomy":"category","embeddable":true,"href":"https:\/\/www.europesays.com\/pt\/wp-json\/wp\/v2\/categories?post=177919"},{"taxonomy":"post_tag","embeddable":true,"href":"https:\/\/www.europesays.com\/pt\/wp-json\/wp\/v2\/tags?post=177919"}],"curies":[{"name":"wp","href":"https:\/\/api.w.org\/{rel}","templated":true}]}}