{"id":177921,"date":"2025-12-06T18:17:11","date_gmt":"2025-12-06T18:17:11","guid":{"rendered":"https:\/\/www.europesays.com\/pt\/177921\/"},"modified":"2025-12-06T18:17:11","modified_gmt":"2025-12-06T18:17:11","slug":"leandra-leal-se-derrete-ao-mostrar-foto-rara-dos-dois-filhos-juntos-encheu-meu-coracao","status":"publish","type":"post","link":"https:\/\/www.europesays.com\/pt\/177921\/","title":{"rendered":"Leandra Leal se derrete ao mostrar foto rara dos dois filhos juntos: &#8216;Encheu meu cora\u00e7\u00e3o&#8217;"},"content":{"rendered":"<p>A atriz\u00a0<a href=\"https:\/\/caras.com.br\/tags\/leandra-leal\" target=\"_blank\" rel=\"noopener nofollow\" data-mrf-link=\"https:\/\/caras.com.br\/tags\/leandra-leal\"><strong>Leandra Leal<\/strong><\/a> se derreteu ao a<a href=\"https:\/\/caras.com.br\/bebe\/fotos-mais-fofas-de-leandra-leal-com-os-dois-filhos.phtml\" rel=\"nofollow noopener\" target=\"_blank\">o compartilhar um registro in\u00e9dito de \u00a0<\/a>sua fam\u00edlia. Na manh\u00e3 deste s\u00e1bado, 6, ela usou as redes sociais para compartilhar um momento fofo de seus dois filhos, \u00a0<strong>J\u00falia<\/strong>\u00a0e\u00a0<strong>Dami\u00e3o<\/strong>.<\/p>\n<p>No registro, os dois aparecem em um tatame.\u00a0\u201cEssa imagem encheu meu cora\u00e7\u00e3o de amor, capturando tantos momentos em uma s\u00f3 foto. A Juju agora \u00e9 faixa amarela, j\u00e1 s\u00e3o quatro anos de jud\u00f4, aprendendo habilidades que v\u00e3o al\u00e9m do tatame. O Dami\u00e3o brincou no tatame pela primeira vez e logo estar\u00e1 l\u00e1 tamb\u00e9m. Os dois juntos, crescendo e se divertindo\u201d, contou.<\/p>\n<p>E complementou: \u201cNada me faz mais feliz do que ver meus filhos saud\u00e1veis e felizes. Eles crescem a cada dia, e \u00e9 aquela frase comum, assim como essa m\u00fasica nesse post, passa r\u00e1pido e parece infinito. Essa linda foto \u00e9 do padrasto e pai, que levou os dois para a comemora\u00e7\u00e3o enquanto eu trabalho com o cora\u00e7\u00e3o dividido. Aproveitando esse post, pe\u00e7o o fim da escala 6\u00d71\u201d, finalizou.<\/p>\n<p> Quem s\u00e3o os filhos de Leandra Leal? <\/p>\n<p><a href=\"https:\/\/caras.com.br\/atualidades\/leandra-leal-acompanha-filha-julia-no-aeroporto.phtml\" target=\"_blank\" rel=\"noopener nofollow\">A primog\u00eanita da atriz \u00e9 J\u00falia<\/a>, que foi adotada por ela em 2016, quando a artista era casada com Al\u00ea Youssef. Recentemente, a menina completou 11 anos e celebrou a data especial ao lado dos pais. \u00a0<a href=\"https:\/\/caras.com.br\/kids\/filha-de-leandra-leal-surge-em-registro-raro-com-os-pais.phtml\" rel=\"nofollow noopener\" target=\"_blank\">Veja como foi!<\/a><\/p>\n<p>J\u00e1 o mais novo, Dami\u00e3o, nasceu em agosto de 2024\u00a0 e \u00e9 fruto do atual casamento dela com\u00a0<strong>Guilherme Burgos<\/strong>. Para comemorar o primeiro ano de vida do herdeiro, a atriz compartilhou tr\u00eas fotos no feed do Instagram.<\/p>\n<p>E ela se declarou:\u00a0\u201cTudo o que eu poderia escrever \u00e9 pouco, o amor \u00e9 infinito.\u00a0Primeiro ano de Dami\u00e3o\u201d, escreveu a famosa na legenda da publica\u00e7\u00e3o.<\/p>\n<p> <img loading=\"lazy\" decoding=\"async\" class=\"size-full wp-image-1040493 img-fluid lazy\" alt=\"Leandro Leal posta foto dos filhos \u2013 Foto: Reprodu\u00e7\u00e3o\/Instagram @leandraleal\" width=\"978\" height=\"647\" src=\"https:\/\/www.europesays.com\/pt\/wp-content\/uploads\/2025\/12\/leandra-leal.jpg\"  \/>Leandro Leal posta foto dos filhos \u2013 Foto: Reprodu\u00e7\u00e3o\/Instagram @leandraleal <img loading=\"lazy\" decoding=\"async\" class=\"wp-image-1023130 img-fluid lazy\" alt=\"Leandro Leal com os filhos - Foto: Reprodu\u00e7\u00e3o\/Instagram @leandraleal\" width=\"541\" height=\"955\" src=\"https:\/\/www.europesays.com\/pt\/wp-content\/uploads\/2025\/12\/leandra.jpg\"  \/>Leandra Leal com os filhos \u2013 Foto: Reprodu\u00e7\u00e3o\/Instagram @leandraleal <img loading=\"lazy\" decoding=\"async\" class=\"wp-image-1035066 img-fluid lazy\" alt=\"Storie de Leandra Leal \u2013 Foto: Reprodu\u00e7\u00e3o\/Instagram @leandraleal\" width=\"539\" height=\"958\" src=\"https:\/\/www.europesays.com\/pt\/wp-content\/uploads\/2025\/12\/587781476_18545222731001598_4292831871533533110_n.jpg\"  \/>Storie de Leandra Leal \u2013 Foto: Reprodu\u00e7\u00e3o\/Instagram @leandraleal <\/p>\n<p>Veja tamb\u00e9m:\u00a0<a href=\"https:\/\/caras.com.br\/novelas\/leandra-leal-retorna-novelas-como-vila-apos-11-anos-longe-das-telinhas.phtml\" rel=\"nofollow noopener\" target=\"_blank\">Leandra Leal retorna \u00e0s novelas como vil\u00e3 ap\u00f3s 11 anos longe das telinhas<\/a><\/p>\n<p>        <a href=\"https:\/\/caras.com.br\/autor\/juliana-dracz\" rel=\"nofollow noopener\" target=\"_blank\">&#13;<br \/>\n          <img loading=\"lazy\" decoding=\"async\" alt=\"Juliana Dracz\" src=\"https:\/\/www.europesays.com\/pt\/wp-content\/uploads\/2025\/09\/436551461_2434711450057729_5105646040807821088_n_sqmd.png\" class=\"avatar avatar-115 photo rounded-circle\" height=\"115\" width=\"115\"\/>        <\/a><\/p>\n<p>Juliana Dracz \u00e9 rep\u00f3rter de conte\u00fado do site CARAS. Formada em Jornalismo pela Universidade Cat\u00f3lica de Bras\u00edlia, ela j\u00e1 trabalhou em grandes sites de entretenimento. Atualmente, escreve sobre novelas, celebridades e TV.<\/p>\n","protected":false},"excerpt":{"rendered":"A atriz\u00a0Leandra Leal se derreteu ao ao compartilhar um registro in\u00e9dito de \u00a0sua fam\u00edlia. Na manh\u00e3 deste s\u00e1bado,&hellip;\n","protected":false},"author":2,"featured_media":177922,"comment_status":"","ping_status":"","sticky":false,"template":"","format":"standard","meta":{"footnotes":""},"categories":[145],"tags":[211,210,114,115,7243,32,33],"class_list":{"0":"post-177921","1":"post","2":"type-post","3":"status-publish","4":"format-standard","5":"has-post-thumbnail","7":"category-celebridades","8":"tag-celebridades","9":"tag-celebrities","10":"tag-entertainment","11":"tag-entretenimento","12":"tag-leandra-leal","13":"tag-portugal","14":"tag-pt"},"share_on_mastodon":{"url":"https:\/\/pubeurope.com\/@pt\/115673998786691487","error":""},"_links":{"self":[{"href":"https:\/\/www.europesays.com\/pt\/wp-json\/wp\/v2\/posts\/177921","targetHints":{"allow":["GET"]}}],"collection":[{"href":"https:\/\/www.europesays.com\/pt\/wp-json\/wp\/v2\/posts"}],"about":[{"href":"https:\/\/www.europesays.com\/pt\/wp-json\/wp\/v2\/types\/post"}],"author":[{"embeddable":true,"href":"https:\/\/www.europesays.com\/pt\/wp-json\/wp\/v2\/users\/2"}],"replies":[{"embeddable":true,"href":"https:\/\/www.europesays.com\/pt\/wp-json\/wp\/v2\/comments?post=177921"}],"version-history":[{"count":0,"href":"https:\/\/www.europesays.com\/pt\/wp-json\/wp\/v2\/posts\/177921\/revisions"}],"wp:featuredmedia":[{"embeddable":true,"href":"https:\/\/www.europesays.com\/pt\/wp-json\/wp\/v2\/media\/177922"}],"wp:attachment":[{"href":"https:\/\/www.europesays.com\/pt\/wp-json\/wp\/v2\/media?parent=177921"}],"wp:term":[{"taxonomy":"category","embeddable":true,"href":"https:\/\/www.europesays.com\/pt\/wp-json\/wp\/v2\/categories?post=177921"},{"taxonomy":"post_tag","embeddable":true,"href":"https:\/\/www.europesays.com\/pt\/wp-json\/wp\/v2\/tags?post=177921"}],"curies":[{"name":"wp","href":"https:\/\/api.w.org\/{rel}","templated":true}]}}