{"id":17793,"date":"2025-08-06T00:37:25","date_gmt":"2025-08-06T00:37:25","guid":{"rendered":"https:\/\/www.europesays.com\/pt\/17793\/"},"modified":"2025-08-06T00:37:25","modified_gmt":"2025-08-06T00:37:25","slug":"uma-obra-de-autoficcao-com-tom-de-suspense","status":"publish","type":"post","link":"https:\/\/www.europesays.com\/pt\/17793\/","title":{"rendered":"Uma obra de autofic\u00e7\u00e3o com tom de suspense"},"content":{"rendered":"<p>Uma obra de autofic\u00e7\u00e3o com tom de suspense<\/p>\n<p>PublishNews, Reda\u00e7\u00e3o, 05\/08\/2025<\/p>\n<p>&#8216;Toda cabe\u00e7a de irm\u00e3o&#8217; percorre as lembran\u00e7as da rela\u00e7\u00e3o da personagem principal com seu irm\u00e3o mais velho que desaparece com frequ\u00eancia<\/p>\n<p>\t\t\t\t\t\t\t\t\t\t\t\t\t\t\t\t<img loading=\"lazy\" decoding=\"async\" src=\"https:\/\/www.europesays.com\/pt\/wp-content\/uploads\/2025\/08\/iPF7tleUn8FBbZ2TvL23rItSXFbPMTTRIFGut30baWEBWtAHq0yiC9943asqDzpBPundhfkhuPeSeNwh.jpg\" width=\"121\" height=\"159\" \/>Primeiro romance da escritora e tradutora Julia Raiz, Toda cabe\u00e7a de irm\u00e3o (Telaranha, 112 pp, R$ 58) \u00e9 uma obra autoficcional que percorre as lembran\u00e7as da rela\u00e7\u00e3o da personagem principal com seu irm\u00e3o mais velho, que desaparece repentinamente com frequ\u00eancia, se colocando como uma figura intang\u00edvel na vida da irm\u00e3. Esse tom de mist\u00e9rio e incompletude percorre todo o trajeto da personagem sem nome, de um motel na Barra Funda at\u00e9 Ibi\u00fana, cidade onde cresceu. \u201cEsse livro \u00e9 a minha vida toda. S\u00e3o mem\u00f3rias autobiogr\u00e1ficas reorganizadas em inven\u00e7\u00e3o\u201d, diz Julia. A personagem do livro tenta compreender os rastros deixados pelo irm\u00e3o em sua mem\u00f3ria, assombrada ao longo do caminho pelas pr\u00f3prias lembran\u00e7as e por um misterioso p\u00e1ssaro preto, que gera um questionamento sobre os limites da sanidade da narradora.<\/p>\n","protected":false},"excerpt":{"rendered":"Uma obra de autofic\u00e7\u00e3o com tom de suspense PublishNews, Reda\u00e7\u00e3o, 05\/08\/2025 &#8216;Toda cabe\u00e7a de irm\u00e3o&#8217; percorre as lembran\u00e7as&hellip;\n","protected":false},"author":2,"featured_media":17657,"comment_status":"","ping_status":"","sticky":false,"template":"","format":"standard","meta":{"footnotes":""},"categories":[143],"tags":[868,877,867,169,869,872,873,880,114,115,874,870,875,878,879,864,876,237,871,170,865,866,13,32,33],"class_list":{"0":"post-17793","1":"post","2":"type-post","3":"status-publish","4":"format-standard","5":"has-post-thumbnail","7":"category-livros","8":"tag-best-seller","9":"tag-biblioteca","10":"tag-bienal-do-livro","11":"tag-books","12":"tag-clipping","13":"tag-e-book","14":"tag-ebook","15":"tag-editora","16":"tag-entertainment","17":"tag-entretenimento","18":"tag-escritor","19":"tag-eventos","20":"tag-festival-literario","21":"tag-lancamentos","22":"tag-leitura","23":"tag-literatura","24":"tag-livraria","25":"tag-livro","26":"tag-livro-digital","27":"tag-livros","28":"tag-mercado-editorial","29":"tag-mercado-livreiro","30":"tag-noticias","31":"tag-portugal","32":"tag-pt"},"share_on_mastodon":{"url":"","error":""},"_links":{"self":[{"href":"https:\/\/www.europesays.com\/pt\/wp-json\/wp\/v2\/posts\/17793","targetHints":{"allow":["GET"]}}],"collection":[{"href":"https:\/\/www.europesays.com\/pt\/wp-json\/wp\/v2\/posts"}],"about":[{"href":"https:\/\/www.europesays.com\/pt\/wp-json\/wp\/v2\/types\/post"}],"author":[{"embeddable":true,"href":"https:\/\/www.europesays.com\/pt\/wp-json\/wp\/v2\/users\/2"}],"replies":[{"embeddable":true,"href":"https:\/\/www.europesays.com\/pt\/wp-json\/wp\/v2\/comments?post=17793"}],"version-history":[{"count":0,"href":"https:\/\/www.europesays.com\/pt\/wp-json\/wp\/v2\/posts\/17793\/revisions"}],"wp:featuredmedia":[{"embeddable":true,"href":"https:\/\/www.europesays.com\/pt\/wp-json\/wp\/v2\/media\/17657"}],"wp:attachment":[{"href":"https:\/\/www.europesays.com\/pt\/wp-json\/wp\/v2\/media?parent=17793"}],"wp:term":[{"taxonomy":"category","embeddable":true,"href":"https:\/\/www.europesays.com\/pt\/wp-json\/wp\/v2\/categories?post=17793"},{"taxonomy":"post_tag","embeddable":true,"href":"https:\/\/www.europesays.com\/pt\/wp-json\/wp\/v2\/tags?post=17793"}],"curies":[{"name":"wp","href":"https:\/\/api.w.org\/{rel}","templated":true}]}}