{"id":177942,"date":"2025-12-06T18:44:16","date_gmt":"2025-12-06T18:44:16","guid":{"rendered":"https:\/\/www.europesays.com\/pt\/177942\/"},"modified":"2025-12-06T18:44:16","modified_gmt":"2025-12-06T18:44:16","slug":"marinha-sueca-encontra-submarinos-russos-no-mar-baltico-quase-semanalmente-suecia","status":"publish","type":"post","link":"https:\/\/www.europesays.com\/pt\/177942\/","title":{"rendered":"Marinha sueca encontra submarinos russos no mar B\u00e1ltico \u201cquase semanalmente\u201d | Su\u00e9cia"},"content":{"rendered":"<p>A Marinha sueca encontra submarinos russos no mar B\u00e1ltico \u201cquase semanalmente\u201d , avan\u00e7ou o capit\u00e3o e chefe de opera\u00e7\u00f5es da Marinha Marko Petkovic ao jornal brit\u00e2ncio <a href=\"https:\/\/www.theguardian.com\/world\/2025\/dec\/06\/swedish-navy-chief-russia-baltic-presence-ukraine-peace\" rel=\"nofollow noopener\" target=\"_blank\">The Guardian<\/a>, acrescentando que Moscovo est\u00e1 a \u201crefor\u00e7ar continuamente\u201d a sua presen\u00e7a na regi\u00e3o e a levar a cabo \u201cum programa de moderniza\u00e7\u00e3o constante e deliberado\u201d da sua frota naval.<\/p>\n<p>O capit\u00e3o sueco acrescentou que a R\u00fassia tem aumentado as suas capacidades e produz um submarino Kilo-class por ano em S\u00e3o Petersburgo e no enclave de Kaliningrado, situado entre a Pol\u00f3nia e a Litu\u00e2nia.<\/p>\n<p>\u201cAssim que um eventual cessar-fogo ou armist\u00edcio entrar em vigor na Ucr\u00e2nia, podemos apenas concluir que a R\u00fassia ir\u00e1 refor\u00e7ar as suas capacidades nesta regi\u00e3o\u201d, disse Petkovic. \u201cPosto isto, a Marinha [sueca] precisa de crescer continuamente.\u201d<\/p>\n<p>A acidentada paisagem submarina, perto da Su\u00e9cia, dificulta a detec\u00e7\u00e3o de submarinos, e as infra-estruturas submersas tornam-se especialmente vulner\u00e1veis no B\u00e1ltico, diz Petkovic. Acrescentando que tal se aplica n\u00e3o s\u00f3 \u00e0 Su\u00e9cia, mas tamb\u00e9m a Noruega, Finl\u00e2ndia, Est\u00f3nia e Litu\u00e2nia, que s\u00e3o \u201ctotalmente dependentes das vias mar\u00edtimas para comunica\u00e7\u00e3o e para a manuten\u00e7\u00e3o das nossas sociedades\u201d.<\/p>\n<p>De um modo geral, a regi\u00e3o do mar B\u00e1ltico enfrenta uma variedade crescente de amea\u00e7as, incluindo suspeitas ataques h\u00edbridos com drones, alegada sabotagem de infra-estruturas submarinas e um fluxo constante de petroleiros que fazem parte da <a href=\"https:\/\/www.publico.pt\/2025\/09\/12\/mundo\/noticia\/reino-unido-vai-impor-100-novas-sancoes-russia-mira-frotafantasma-tecnologicas-2146924\" rel=\"nofollow noopener\" target=\"_blank\">frota-fantasma<\/a> da R\u00fassia, escreve ainda o Guardian neste s\u00e1bado, 6 de Dezembro.<\/p>\n<p>Sobre a frota-fantasma de petroleiros russos, identificados como navios civis sem liga\u00e7\u00f5es aparentes a Moscovo, Petkovic demonstra tamb\u00e9m preocupa\u00e7\u00e3o, n\u00e3o excluindo a possibilidade de essas embarca\u00e7\u00f5es poderem vir a ser usadas para lan\u00e7ar drones. \u201cA frota-fantasma em si n\u00e3o \u00e9 um problema militar, mas pode afectar as nossas na\u00e7\u00f5es de uma perspectiva militar\u201d.<\/p>\n<p>Os navios, normalmente envelhecidos e sem documenta\u00e7\u00e3o ou os devidos seguros em dia, s\u00e3o utilizados por Moscovo para transporte de crude na regi\u00e3o, com o objectivo de contornar as san\u00e7\u00f5es impostas \u00e0 R\u00fassia e, finalmente, financiar a <a href=\"https:\/\/www.publico.pt\/guerra-ucrania\" rel=\"nofollow noopener\" target=\"_blank\">guerra na Ucr\u00e2nia<\/a>.<\/p>\n<p>Contudo, o chefe de opera\u00e7\u00f5es da Marinha sueca acredita que o aumento da vigil\u00e2ncia da NATO est\u00e1 a ter impacto, uma vez que, desde que a opera\u00e7\u00e3o<a href=\"https:\/\/www.publico.pt\/2025\/01\/14\/mundo\/noticia\/nato-vai-enviar-navios-avioes-mar-baltico-proteger-infraestruturas-2118730\" rel=\"nofollow noopener\" target=\"_blank\"> Baltic Sentry<\/a> se iniciou \u2014 em Janeiro de 2025, em resposta a v\u00e1rios epis\u00f3dios em que cabos de energia e telecomunica\u00e7\u00f5es submarinos foram danificados \u2014 \u201cn\u00e3o regist\u00e1mos qualquer incidente com cabos nesta regi\u00e3o\u201d.<\/p>\n<p>\u201cEm primeiro lugar, isto mostra que a alian\u00e7a funciona, que existe coes\u00e3o. E estamos a cerrar fileiras contra uma amea\u00e7a particular. A Baltic Sentry provou esse ponto. Independentemente de os incidentes terem sido patrocinados por um Estado [R\u00fassia], provocados por m\u00e1 navega\u00e7\u00e3o\u201d, ou ambos, Petkovic acredita que os esfor\u00e7os resultaram e h\u00e1 agora mais cautela por parte de quem navega aquelas \u00e1guas.<\/p>\n<p>Russos de uniforme militar e \u201ctotal secretismo\u201d<\/p>\n<p>Bjarne Skinnerup, um experiente trabalhador da empresa estatal da Dinamarca DanPilot, que garante a seguran\u00e7a de navios que atravessam as \u00e1guas dinamarquesas, diz nunca ter experienciado nada como o que se tem verificado com os petroleiros que por ali navegam o mar B\u00e1ltico. Na pr\u00e1tica, a DanPilot \u00e9 o \u00fanico organismo que d\u00e1 \u00e0 Dinamarca informa\u00e7\u00e3o directa sobre o que realmente se passa a bordo das embarca\u00e7\u00f5es.<\/p>\n<p>Quando os respons\u00e1veis embarcam os referidos navios civis, para auxiliar na travessia, s\u00e3o recebidos com \u201ctotal secretismo\u201d: homens russos vestidos com camuflado militar, literalmente a respirar em cima dos pilotos; documentos importantes desaparecidos; falta de coopera\u00e7\u00e3o e um tom hostil para com os profissionais dinamarqueses \u2014 l\u00ea-se no testemunho de Skinnerup, publicado a 19 de Novembro no <a href=\"https:\/\/danwatch.dk\/en\/military-uniforms-and-total-secrecy-eyewitness-raises-alarm-about-russian-oil-tankers\/\" rel=\"nofollow noopener\" target=\"_blank\">DanWatch<\/a>, portal de investiga\u00e7\u00e3o jornal\u00edstica daquele pa\u00eds. Refere-se, tamb\u00e9m ele, \u00e0 frota-fantasma de Moscovo, que desde a invas\u00e3o da Ucr\u00e2nia passa diariamente pela Dinamarca com petr\u00f3leo sancionado.<\/p>\n<p>\u201cV\u00e1rios dos meus colegas est\u00e3o agora a ver homens nos navios da frota-fantasma vestidos com uniforme de camuflado naval russo\u201d. A bordo dos petroleiros, Skinnerup v\u00ea nos russos fardados um desenvolvimento \u201cpreocupante\u201d.<\/p>\n<p>\u201cPode ser intimidante ver homens fardados a montar guarda. Se estivessem apenas com roupa civil, nem repar\u00e1vamos. Suponho que fa\u00e7a parte da t\u00e1ctica deles serem vistos. N\u00e3o s\u00f3 por n\u00f3s, que os visitamos, mas tamb\u00e9m pela tripula\u00e7\u00e3o, para que n\u00e3o se atrevam a fazer nada que os russos n\u00e3o queiram\u201d, diz o ex-membro da Marinha dinamarquesa, com mais de 40 anos de experi\u00eancia na \u00e1rea.<\/p>\n","protected":false},"excerpt":{"rendered":"A Marinha sueca encontra submarinos russos no mar B\u00e1ltico \u201cquase semanalmente\u201d , avan\u00e7ou o capit\u00e3o e chefe de&hellip;\n","protected":false},"author":2,"featured_media":177943,"comment_status":"","ping_status":"","sticky":false,"template":"","format":"standard","meta":{"footnotes":""},"categories":[50],"tags":[27,28,4639,353,15,16,889,14,25,26,21,22,62,12,13,19,20,23,24,839,5928,17,18,29,30,31,63,64,65],"class_list":{"0":"post-177942","1":"post","2":"type-post","3":"status-publish","4":"format-standard","5":"has-post-thumbnail","7":"category-mundo","8":"tag-breaking-news","9":"tag-breakingnews","10":"tag-dinamarca","11":"tag-em-destaque","12":"tag-featured-news","13":"tag-featurednews","14":"tag-guerra-na-ucrania","15":"tag-headlines","16":"tag-latest-news","17":"tag-latestnews","18":"tag-main-news","19":"tag-mainnews","20":"tag-mundo","21":"tag-news","22":"tag-noticias","23":"tag-noticias-principais","24":"tag-noticiasprincipais","25":"tag-principais-noticias","26":"tag-principaisnoticias","27":"tag-russia","28":"tag-suecia","29":"tag-top-stories","30":"tag-topstories","31":"tag-ultimas","32":"tag-ultimas-noticias","33":"tag-ultimasnoticias","34":"tag-world","35":"tag-world-news","36":"tag-worldnews"},"share_on_mastodon":{"url":"https:\/\/pubeurope.com\/@pt\/115674104868958429","error":""},"_links":{"self":[{"href":"https:\/\/www.europesays.com\/pt\/wp-json\/wp\/v2\/posts\/177942","targetHints":{"allow":["GET"]}}],"collection":[{"href":"https:\/\/www.europesays.com\/pt\/wp-json\/wp\/v2\/posts"}],"about":[{"href":"https:\/\/www.europesays.com\/pt\/wp-json\/wp\/v2\/types\/post"}],"author":[{"embeddable":true,"href":"https:\/\/www.europesays.com\/pt\/wp-json\/wp\/v2\/users\/2"}],"replies":[{"embeddable":true,"href":"https:\/\/www.europesays.com\/pt\/wp-json\/wp\/v2\/comments?post=177942"}],"version-history":[{"count":0,"href":"https:\/\/www.europesays.com\/pt\/wp-json\/wp\/v2\/posts\/177942\/revisions"}],"wp:featuredmedia":[{"embeddable":true,"href":"https:\/\/www.europesays.com\/pt\/wp-json\/wp\/v2\/media\/177943"}],"wp:attachment":[{"href":"https:\/\/www.europesays.com\/pt\/wp-json\/wp\/v2\/media?parent=177942"}],"wp:term":[{"taxonomy":"category","embeddable":true,"href":"https:\/\/www.europesays.com\/pt\/wp-json\/wp\/v2\/categories?post=177942"},{"taxonomy":"post_tag","embeddable":true,"href":"https:\/\/www.europesays.com\/pt\/wp-json\/wp\/v2\/tags?post=177942"}],"curies":[{"name":"wp","href":"https:\/\/api.w.org\/{rel}","templated":true}]}}