{"id":177954,"date":"2025-12-06T18:54:17","date_gmt":"2025-12-06T18:54:17","guid":{"rendered":"https:\/\/www.europesays.com\/pt\/177954\/"},"modified":"2025-12-06T18:54:17","modified_gmt":"2025-12-06T18:54:17","slug":"f1-verstappen-conquista-a-ultima-pole-do-campeonato-em-abu-dhabi","status":"publish","type":"post","link":"https:\/\/www.europesays.com\/pt\/177954\/","title":{"rendered":"F1: Verstappen conquista a \u00faltima pole do campeonato em Abu Dhabi"},"content":{"rendered":"<p data-end=\"445\" data-start=\"168\">Max Verstappen garantiu este s\u00e1bado a pole position para o Grande Pr\u00e9mio de Abu Dhabi, a \u00faltima corrida do Mundial de F\u00f3rmula 1 de 2025, numa sess\u00e3o que confirmou o neerland\u00eas como o homem a bater na luta pelo t\u00edtulo.<\/p>\n<p data-end=\"748\" data-start=\"447\">O piloto da Red Bull foi o mais r\u00e1pido em Yas Marina, assinando uma volta em 1m22s 207 e conquistando a sua oitava pole da temporada, e a 48.\u00aa da carreira.<\/p>\n<p data-end=\"748\" data-start=\"447\">Atr\u00e1s de Verstappen partir\u00e3o os dois McLaren que ainda sonham com o t\u00edtulo: Lando Norris, no segundo lugar, e Oscar Piastri, em terceiro. O top-5 ficou completo com George Russell (Mercedes) e Charles Leclerc (Ferrari).<\/p>\n<p data-end=\"748\" data-start=\"447\">Com Verstappen, Norris e Piastri separados por poucos pontos na classifica\u00e7\u00e3o, o Grande Pr\u00e9mio de Abu Dhabi promete ser decisivo e eletrizante. O campe\u00e3o de 2025 ser\u00e1 coroado este domingo, a partir das 13h00 (hora de Lisboa), no circuito de Yas Marina.<\/p>\n<p data-end=\"748\" data-start=\"447\"><a href=\"https:\/\/maisfutebol.iol.pt\/f1\/automobilismo\/norris-espreita-o-titulo-verstappen-e-piastri-acreditam-as-contas-do-mundial-de-f1\" target=\"_blank\" rel=\"nofollow noopener\"><strong>CONFIRA AQUI TODOS OS CEN\u00c1RIOS DO T\u00cdTULO.<\/strong><\/a><\/p>\n","protected":false},"excerpt":{"rendered":"Max Verstappen garantiu este s\u00e1bado a pole position para o Grande Pr\u00e9mio de Abu Dhabi, a \u00faltima corrida&hellip;\n","protected":false},"author":2,"featured_media":177955,"comment_status":"","ping_status":"","sticky":false,"template":"","format":"standard","meta":{"footnotes":""},"categories":[87],"tags":[5696,135,970,46,1750,36732,32,33,47,17389,134],"class_list":{"0":"post-177954","1":"post","2":"type-post","3":"status-publish","4":"format-standard","5":"has-post-thumbnail","7":"category-desporto","8":"tag-abu-dhabi","9":"tag-desporto","10":"tag-f1","11":"tag-maisfutebol","12":"tag-max-verstappen","13":"tag-pole-position","14":"tag-portugal","15":"tag-pt","16":"tag-pura-paixao","17":"tag-red-bull","18":"tag-sports"},"share_on_mastodon":{"url":"https:\/\/pubeurope.com\/@pt\/115674144015245961","error":""},"_links":{"self":[{"href":"https:\/\/www.europesays.com\/pt\/wp-json\/wp\/v2\/posts\/177954","targetHints":{"allow":["GET"]}}],"collection":[{"href":"https:\/\/www.europesays.com\/pt\/wp-json\/wp\/v2\/posts"}],"about":[{"href":"https:\/\/www.europesays.com\/pt\/wp-json\/wp\/v2\/types\/post"}],"author":[{"embeddable":true,"href":"https:\/\/www.europesays.com\/pt\/wp-json\/wp\/v2\/users\/2"}],"replies":[{"embeddable":true,"href":"https:\/\/www.europesays.com\/pt\/wp-json\/wp\/v2\/comments?post=177954"}],"version-history":[{"count":0,"href":"https:\/\/www.europesays.com\/pt\/wp-json\/wp\/v2\/posts\/177954\/revisions"}],"wp:featuredmedia":[{"embeddable":true,"href":"https:\/\/www.europesays.com\/pt\/wp-json\/wp\/v2\/media\/177955"}],"wp:attachment":[{"href":"https:\/\/www.europesays.com\/pt\/wp-json\/wp\/v2\/media?parent=177954"}],"wp:term":[{"taxonomy":"category","embeddable":true,"href":"https:\/\/www.europesays.com\/pt\/wp-json\/wp\/v2\/categories?post=177954"},{"taxonomy":"post_tag","embeddable":true,"href":"https:\/\/www.europesays.com\/pt\/wp-json\/wp\/v2\/tags?post=177954"}],"curies":[{"name":"wp","href":"https:\/\/api.w.org\/{rel}","templated":true}]}}