{"id":177956,"date":"2025-12-06T19:04:07","date_gmt":"2025-12-06T19:04:07","guid":{"rendered":"https:\/\/www.europesays.com\/pt\/177956\/"},"modified":"2025-12-06T19:04:07","modified_gmt":"2025-12-06T19:04:07","slug":"noite-de-intensos-ataques-na-ucrania-deixa-a-polonia-em-alerta-guerra-na-ucrania","status":"publish","type":"post","link":"https:\/\/www.europesays.com\/pt\/177956\/","title":{"rendered":"Noite de \u201cintensos ataques\u201d na Ucr\u00e2nia deixa a Pol\u00f3nia em alerta | Guerra na Ucr\u00e2nia"},"content":{"rendered":"<p>A noite de sexta-feira foi marcada por um intenso ataque russo contra a Ucr\u00e2nia, que provocou v\u00e1rios feridos e que fez soar as sirenes na regi\u00e3o polaca de Lublin. Como medida preventiva, as autoridades polacas decidiram proteger o seu espa\u00e7o a\u00e9reo com ca\u00e7as.<\/p>\n<p>A informa\u00e7\u00e3o foi confirmada pelo Comando Operacional das For\u00e7as Armadas polacas, num comunicado divulgado nas redes sociais. Durante a noite, \u201cmobilizou as suas for\u00e7as\u201d e p\u00f4s \u201cem alerta os sistemas terrestres de defesa a\u00e9rea e reconhecimento por radar\u201d \u2013 medidas de \u201ccar\u00e1cter preventivo\u201d e \u201corientadas para assegurar e proteger o espa\u00e7o a\u00e9reo, especialmente as zonas adjacentes \u00e0s \u00e1reas amea\u00e7adas\u201d, como \u00e9 o caso das regi\u00f5es de fronteira com a Ucr\u00e2nia.<\/p>\n<p>E, ainda que n\u00e3o se tenha observado \u201cnenhuma viola\u00e7\u00e3o do espa\u00e7o a\u00e9reo\u201d durante a noite, as for\u00e7as polacas est\u00e3o em alerta e \u201cprontas\u201d para uma \u201cresposta imediata\u201d.<\/p>\n<p>A noite ficou marcada por um ataque em massa de m\u00edsseis e drones russos. De acordo com a For\u00e7a A\u00e9rea ucraniana, Moscovo lan\u00e7ou um ataque combinado contra infra-estrutura cr\u00edtica ucraniana. Os radares detectaram 34 m\u00edsseis de cruzeiro, 17 m\u00edsseis bal\u00edsticos e mais de 650 drones.<\/p>\n<p>H\u00e1 registo de tr\u00eas feridos na regi\u00e3o de Kiev e um inc\u00eandio na esta\u00e7\u00e3o ferrovi\u00e1ria de Fastiv, na regi\u00e3o da capital. Os ataques tiveram como alvos as centrais el\u00e9ctricas e nucleares um pouco por todo o pa\u00eds. H\u00e1 registo de danos em centrais el\u00e9ctricas em oito regi\u00f5es (incluindo, Chernihiv, Zaporijjia e Lviv) e as tr\u00eas centrais nucleares do pa\u00eds foram obrigadas a parar a produ\u00e7\u00e3o, informa a Ag\u00eancia Internacional de Energia At\u00f3mica. Tudo isto causou cortes no fornecimento de electricidade aos ucranianos.<\/p>\n<p>\u201cAs infra-estruturas portu\u00e1rias [em Odessa] tamb\u00e9m foram atacadas: parte da infra-estrutura ficou sem energia e os operadores passaram a usar energia de reserva proveniente de geradores\u201d, disse o Minist\u00e9rio da Energia no Telegram.<\/p>\n<p>Do lado russo, a confirma\u00e7\u00e3o de que foi levado a cabo um ataque de \u201calta precis\u00e3o\u201d a\u00e9reo e terrestre, usando m\u00edsseis hipers\u00f3nicos Kinzhal e drones de longo alcance.<\/p>\n<p>Em resposta, a Ucr\u00e2nia atacou, este s\u00e1bado, a refinaria russa de Ryazan e uma f\u00e1brica de muni\u00e7\u00f5es de artilharia na regi\u00e3o de Lugansk, na Ucr\u00e2nia ocupada.<\/p>\n<p><strong>Zelensky re\u00fane-se com l\u00edderes europeus na segunda-feira<\/strong><\/p>\n<p>Para o ministro dos Neg\u00f3cios Estrangeiros ucraniano, Andrii Sybiha, este ataque \u00e9 prova de que \u201ca R\u00fassia continua a ignorar quaisquer esfor\u00e7os de paz\u201d, e \u201cmostra que nenhuma decis\u00e3o para fortalecer a Ucr\u00e2nia e aumentar a press\u00e3o sobre a R\u00fassia pode ser adiada\u201d.<\/p>\n<p>O ataque surge num momento em que os EUA est\u00e3o num processo de tentar chegar a um acordo de cessar-fogo entre a R\u00fassia e a Ucr\u00e2nia que se tem revelado frustrante. Zelensky dever\u00e1 <a href=\"https:\/\/www.theguardian.com\/uk-news\/2025\/dec\/06\/zelenskyy-to-meet-starmer-at-downing-street-to-discuss-us-draft-peace-deal\" target=\"_blank\" rel=\"nofollow noopener\">reunir-se <\/a>na pr\u00f3xima segunda-feira com o primeiro-ministro brit\u00e2nico Keir Starmer, o Presidente franc\u00eas Emmanuel Macron e o chanceler alem\u00e3o Friedrich Merz, em Downing Street, no Reino Unido, para os actualizar sobre as negocia\u00e7\u00f5es de paz com os EUA.<\/p>\n<p>As negocia\u00e7\u00f5es entre norte-americanos e ucranianos realizaram-se, este s\u00e1bado e pelo terceiro dia consecutivo, em Miami. Acontecem depois de uma reuni\u00e3o entre o enviado especial Steve Witkoff, Jared Kushner e Putin no in\u00edcio da semana. O Presidente ucraniano disse, ontem ao final da tarde, que teve uma chamada telef\u00f3nica \u201csubstancial\u201d com o enviado especial dos EUA, Witkoff.<\/p>\n<p>\u201cPenso que o tema Ucr\u00e2nia-R\u00fassia tem sido uma fonte de frustra\u00e7\u00e3o perene para toda a Casa Branca\u201d, admitiu o vice-presidente norte-americano J. D. Vance, em entrevista \u00e0<a href=\"https:\/\/www.nbcnews.com\/video\/shorts\/what-is-jd-vance-s-role-in-peace-negotiations-in-ukraine-253747269926\" target=\"_blank\" rel=\"nofollow noopener\"> NBC<\/a> na sexta-feira.<\/p>\n<p>O primeiro rascunho do plano acabou por ser criticado por deixar a Ucr\u00e2nia numa posi\u00e7\u00e3o vulner\u00e1vel. As restantes vers\u00f5es, alteradas depois das negocia\u00e7\u00f5es com a Ucr\u00e2nia, deixaram Putin a dizer que ir\u00e1 <a href=\"https:\/\/www.publico.pt\/2025\/12\/04\/mundo\/noticia\/putin-insiste-ira-anexar-donbass-forca-negociacoes-2157027\" target=\"_blank\" rel=\"nofollow noopener\">anexar todo o Donbass<\/a>, \u201cpela for\u00e7a das armas\u201d ou pelo abandono das tropas ucranianas.<\/p>\n","protected":false},"excerpt":{"rendered":"A noite de sexta-feira foi marcada por um intenso ataque russo contra a Ucr\u00e2nia, que provocou v\u00e1rios feridos&hellip;\n","protected":false},"author":2,"featured_media":177957,"comment_status":"","ping_status":"","sticky":false,"template":"","format":"standard","meta":{"footnotes":""},"categories":[50],"tags":[27,28,15,16,889,14,4167,25,26,21,22,4617,62,12,13,19,20,5300,23,24,839,17,18,840,29,30,31,63,64,65],"class_list":{"0":"post-177956","1":"post","2":"type-post","3":"status-publish","4":"format-standard","5":"has-post-thumbnail","7":"category-mundo","8":"tag-breaking-news","9":"tag-breakingnews","10":"tag-featured-news","11":"tag-featurednews","12":"tag-guerra-na-ucrania","13":"tag-headlines","14":"tag-kiev","15":"tag-latest-news","16":"tag-latestnews","17":"tag-main-news","18":"tag-mainnews","19":"tag-moscovo","20":"tag-mundo","21":"tag-news","22":"tag-noticias","23":"tag-noticias-principais","24":"tag-noticiasprincipais","25":"tag-polonia","26":"tag-principais-noticias","27":"tag-principaisnoticias","28":"tag-russia","29":"tag-top-stories","30":"tag-topstories","31":"tag-ucrania","32":"tag-ultimas","33":"tag-ultimas-noticias","34":"tag-ultimasnoticias","35":"tag-world","36":"tag-world-news","37":"tag-worldnews"},"share_on_mastodon":{"url":"https:\/\/pubeurope.com\/@pt\/115674183572468726","error":""},"_links":{"self":[{"href":"https:\/\/www.europesays.com\/pt\/wp-json\/wp\/v2\/posts\/177956","targetHints":{"allow":["GET"]}}],"collection":[{"href":"https:\/\/www.europesays.com\/pt\/wp-json\/wp\/v2\/posts"}],"about":[{"href":"https:\/\/www.europesays.com\/pt\/wp-json\/wp\/v2\/types\/post"}],"author":[{"embeddable":true,"href":"https:\/\/www.europesays.com\/pt\/wp-json\/wp\/v2\/users\/2"}],"replies":[{"embeddable":true,"href":"https:\/\/www.europesays.com\/pt\/wp-json\/wp\/v2\/comments?post=177956"}],"version-history":[{"count":0,"href":"https:\/\/www.europesays.com\/pt\/wp-json\/wp\/v2\/posts\/177956\/revisions"}],"wp:featuredmedia":[{"embeddable":true,"href":"https:\/\/www.europesays.com\/pt\/wp-json\/wp\/v2\/media\/177957"}],"wp:attachment":[{"href":"https:\/\/www.europesays.com\/pt\/wp-json\/wp\/v2\/media?parent=177956"}],"wp:term":[{"taxonomy":"category","embeddable":true,"href":"https:\/\/www.europesays.com\/pt\/wp-json\/wp\/v2\/categories?post=177956"},{"taxonomy":"post_tag","embeddable":true,"href":"https:\/\/www.europesays.com\/pt\/wp-json\/wp\/v2\/tags?post=177956"}],"curies":[{"name":"wp","href":"https:\/\/api.w.org\/{rel}","templated":true}]}}