{"id":177958,"date":"2025-12-06T19:05:37","date_gmt":"2025-12-06T19:05:37","guid":{"rendered":"https:\/\/www.europesays.com\/pt\/177958\/"},"modified":"2025-12-06T19:05:37","modified_gmt":"2025-12-06T19:05:37","slug":"jovem-mulher-sequestrada-por-portugues-na-suica-durante-um-ano","status":"publish","type":"post","link":"https:\/\/www.europesays.com\/pt\/177958\/","title":{"rendered":"Jovem mulher sequestrada por portugu\u00eas na Su\u00ed\u00e7a durante um ano"},"content":{"rendered":"<p>Um emigrante portugu\u00eas de 59 anos, residente em Saxon, no cant\u00e3o su\u00ed\u00e7o do Valais, foi condenado a\u00a0oito anos de pris\u00e3o pelos crimes de viola\u00e7\u00e3o e sequestro de uma jovem portuguesa, que manteve detida no seu apartamento durante cerca de um ano. A informa\u00e7\u00e3o foi avan\u00e7ada pelo jornal su\u00ed\u00e7o\u00a0<a href=\"https:\/\/www.24heures.ch\/saxon-un-rentier-ai-condamne-pour-viol-et-sequestration-578112051516\" rel=\"noopener nofollow\" target=\"_blank\">24 heures<\/a>, que acompanhou o julgamento realizado em Martigny em 27 de novembro.<\/p>\n<p>&#13;<br \/>\n&#13;<br \/>\n&#13;<\/p>\n<p>A v\u00edtima, atualmente com 27 anos, prestou depoimento por videoconfer\u00eancia a partir do Tribunal de Viana do Castelo, revelando que vivia em permanente medo e que era obrigada a fazer-se passar por \u201cmulher\u201d do agressor. <\/p>\n<p>Segundo descreveu ao tribunal, era for\u00e7ada a ter rela\u00e7\u00f5es sexuais diariamente e impedida de sair sozinha, tendo o homem confiscado os seus documentos de identifica\u00e7\u00e3o para evitar qualquer tentativa de fuga. A jovem regressou a Portugal em julho de 2022, pouco depois de conseguir escapar com a ajuda fortuita de um transeunte.<\/p>\n<p>De acordo com o\u00a024 heures, o agressor, que conhecia a fam\u00edlia da v\u00edtima, convenceu-a a viajar para a Su\u00ed\u00e7a em 2021 com a promessa de emprego e de melhores condi\u00e7\u00f5es de vida. Contudo, ao chegar ao pa\u00eds, foi enclausurada e sujeita a um regime de controlo absoluto. No tribunal, a defesa tentou argumentar que n\u00e3o existia sequestro, alegando que a jovem poderia ter fugido pelas janelas do r\u00e9s do ch\u00e3o. Por\u00e9m, a acusa\u00e7\u00e3o salientou que a v\u00edtima vivia sob amea\u00e7a psicol\u00f3gica e sem qualquer apoio, desconhecendo o territ\u00f3rio, sem falar franc\u00eas e sem acesso a documentos ou recursos financeiros.<\/p>\n<p>O tribunal reconheceu a consist\u00eancia do testemunho da jovem e condenou o homem, que poder\u00e1 ainda recorrer da decis\u00e3o. Caso a senten\u00e7a transite em julgado, al\u00e9m da pena de pris\u00e3o, ficar\u00e1 proibido de permanecer em territ\u00f3rio su\u00ed\u00e7o durante dez anos. A v\u00edtima ir\u00e1 receber\u00a015 mil francos su\u00ed\u00e7os\u00a0a t\u00edtulo de indemniza\u00e7\u00e3o por danos morais.<\/p>\n","protected":false},"excerpt":{"rendered":"Um emigrante portugu\u00eas de 59 anos, residente em Saxon, no cant\u00e3o su\u00ed\u00e7o do Valais, foi condenado a\u00a0oito anos&hellip;\n","protected":false},"author":2,"featured_media":177959,"comment_status":"","ping_status":"","sticky":false,"template":"","format":"standard","meta":{"footnotes":""},"categories":[10],"tags":[27,28,15,16,14,25,26,21,22,12,13,19,20,32,23,24,33,17,18,29,30,31],"class_list":{"0":"post-177958","1":"post","2":"type-post","3":"status-publish","4":"format-standard","5":"has-post-thumbnail","7":"category-portugal","8":"tag-breaking-news","9":"tag-breakingnews","10":"tag-featured-news","11":"tag-featurednews","12":"tag-headlines","13":"tag-latest-news","14":"tag-latestnews","15":"tag-main-news","16":"tag-mainnews","17":"tag-news","18":"tag-noticias","19":"tag-noticias-principais","20":"tag-noticiasprincipais","21":"tag-portugal","22":"tag-principais-noticias","23":"tag-principaisnoticias","24":"tag-pt","25":"tag-top-stories","26":"tag-topstories","27":"tag-ultimas","28":"tag-ultimas-noticias","29":"tag-ultimasnoticias"},"share_on_mastodon":{"url":"https:\/\/pubeurope.com\/@pt\/115674187319917835","error":""},"_links":{"self":[{"href":"https:\/\/www.europesays.com\/pt\/wp-json\/wp\/v2\/posts\/177958","targetHints":{"allow":["GET"]}}],"collection":[{"href":"https:\/\/www.europesays.com\/pt\/wp-json\/wp\/v2\/posts"}],"about":[{"href":"https:\/\/www.europesays.com\/pt\/wp-json\/wp\/v2\/types\/post"}],"author":[{"embeddable":true,"href":"https:\/\/www.europesays.com\/pt\/wp-json\/wp\/v2\/users\/2"}],"replies":[{"embeddable":true,"href":"https:\/\/www.europesays.com\/pt\/wp-json\/wp\/v2\/comments?post=177958"}],"version-history":[{"count":0,"href":"https:\/\/www.europesays.com\/pt\/wp-json\/wp\/v2\/posts\/177958\/revisions"}],"wp:featuredmedia":[{"embeddable":true,"href":"https:\/\/www.europesays.com\/pt\/wp-json\/wp\/v2\/media\/177959"}],"wp:attachment":[{"href":"https:\/\/www.europesays.com\/pt\/wp-json\/wp\/v2\/media?parent=177958"}],"wp:term":[{"taxonomy":"category","embeddable":true,"href":"https:\/\/www.europesays.com\/pt\/wp-json\/wp\/v2\/categories?post=177958"},{"taxonomy":"post_tag","embeddable":true,"href":"https:\/\/www.europesays.com\/pt\/wp-json\/wp\/v2\/tags?post=177958"}],"curies":[{"name":"wp","href":"https:\/\/api.w.org\/{rel}","templated":true}]}}