{"id":177960,"date":"2025-12-06T19:09:26","date_gmt":"2025-12-06T19:09:26","guid":{"rendered":"https:\/\/www.europesays.com\/pt\/177960\/"},"modified":"2025-12-06T19:09:26","modified_gmt":"2025-12-06T19:09:26","slug":"parlamento-aperta-o-cerco-ao-chega-mais-partidos-defendem-sancoes-para-deputados","status":"publish","type":"post","link":"https:\/\/www.europesays.com\/pt\/177960\/","title":{"rendered":"Parlamento aperta o cerco ao Chega: mais partidos defendem san\u00e7\u00f5es para deputados"},"content":{"rendered":"<p>Depois de ter sido \u201cmandada para a sua terra\u201d em outubro, durante uma audi\u00e7\u00e3o com o ministro da Presid\u00eancia no Parlamento, a deputada socialista Eva Cruzeiro viu ser <a href=\"https:\/\/expresso.pt\/politica\/parlamento\/2025-12-03-assinatura-adulterada-em-livro-de-presenca-na-assembleia-da-republica-o-nome-evita-peron-apareceu-no-espaco-da-deputada-eva-cruzeiro-6902651a\" target=\"_blank\" rel=\"noopener noreferrer nofollow\">adulterada<\/a> esta semana uma assinatura sua no livro de presen\u00e7as da Comiss\u00e3o de Assuntos Constitucionais. O caso soma-se a outros que envolvem sobretudo a bancada do Chega e leva os partidos a ponderarem a revis\u00e3o dos estatutos dos deputados e do regimento da Assembleia da Rep\u00fablica (AR).<\/p>\n<p><a href=\"https:\/\/expresso.pt\/subscrever?action=GEN&amp;channel=BAF&amp;type=CAP&amp;source=WEB&amp;returnUrl=https:\/\/expresso.pt\/politica\/parlamento\/2025-12-04-parlamento-aperta-o-cerco-ao-chega-mais-partidos-defendem-sancoes-para-deputados-398a5105&amp;utm_source=expresso&amp;utm_medium=locked_article&amp;locked=true&amp;article_id=c5ceaae2-eb7e-4912-a811-262625bf1c6d&amp;author_id=Liliana+Coelho&amp;category=Parlamento\" target=\"_self\" class=\"\" rel=\"nofollow noopener\">Subscrever<\/a>J\u00e1 \u00e9 Subscritor?Fa\u00e7a login e continue a ler<a href=\"http:\/\/expresso.pt\/codigo?redirectUrl=https:\/\/expresso.pt\/politica\/parlamento\/2025-12-04-parlamento-aperta-o-cerco-ao-chega-mais-partidos-defendem-sancoes-para-deputados-398a5105\" target=\"_self\" class=\"\" rel=\"nofollow noopener\">Inserir C\u00f3digo<\/a>Comprou o Expresso?Insira o c\u00f3digo presente na Revista E para continuar a ler<\/p>\n","protected":false},"excerpt":{"rendered":"Depois de ter sido \u201cmandada para a sua terra\u201d em outubro, durante uma audi\u00e7\u00e3o com o ministro da&hellip;\n","protected":false},"author":2,"featured_media":177961,"comment_status":"","ping_status":"","sticky":false,"template":"","format":"standard","meta":{"footnotes":""},"categories":[8],"tags":[27,28,15,16,14,25,26,21,22,12,13,19,20,32,23,24,33,17,18,29,30,31],"class_list":{"0":"post-177960","1":"post","2":"type-post","3":"status-publish","4":"format-standard","5":"has-post-thumbnail","7":"category-principais-noticias","8":"tag-breaking-news","9":"tag-breakingnews","10":"tag-featured-news","11":"tag-featurednews","12":"tag-headlines","13":"tag-latest-news","14":"tag-latestnews","15":"tag-main-news","16":"tag-mainnews","17":"tag-news","18":"tag-noticias","19":"tag-noticias-principais","20":"tag-noticiasprincipais","21":"tag-portugal","22":"tag-principais-noticias","23":"tag-principaisnoticias","24":"tag-pt","25":"tag-top-stories","26":"tag-topstories","27":"tag-ultimas","28":"tag-ultimas-noticias","29":"tag-ultimasnoticias"},"share_on_mastodon":{"url":"https:\/\/pubeurope.com\/@pt\/115674202997365453","error":""},"_links":{"self":[{"href":"https:\/\/www.europesays.com\/pt\/wp-json\/wp\/v2\/posts\/177960","targetHints":{"allow":["GET"]}}],"collection":[{"href":"https:\/\/www.europesays.com\/pt\/wp-json\/wp\/v2\/posts"}],"about":[{"href":"https:\/\/www.europesays.com\/pt\/wp-json\/wp\/v2\/types\/post"}],"author":[{"embeddable":true,"href":"https:\/\/www.europesays.com\/pt\/wp-json\/wp\/v2\/users\/2"}],"replies":[{"embeddable":true,"href":"https:\/\/www.europesays.com\/pt\/wp-json\/wp\/v2\/comments?post=177960"}],"version-history":[{"count":0,"href":"https:\/\/www.europesays.com\/pt\/wp-json\/wp\/v2\/posts\/177960\/revisions"}],"wp:featuredmedia":[{"embeddable":true,"href":"https:\/\/www.europesays.com\/pt\/wp-json\/wp\/v2\/media\/177961"}],"wp:attachment":[{"href":"https:\/\/www.europesays.com\/pt\/wp-json\/wp\/v2\/media?parent=177960"}],"wp:term":[{"taxonomy":"category","embeddable":true,"href":"https:\/\/www.europesays.com\/pt\/wp-json\/wp\/v2\/categories?post=177960"},{"taxonomy":"post_tag","embeddable":true,"href":"https:\/\/www.europesays.com\/pt\/wp-json\/wp\/v2\/tags?post=177960"}],"curies":[{"name":"wp","href":"https:\/\/api.w.org\/{rel}","templated":true}]}}