{"id":177962,"date":"2025-12-06T19:11:10","date_gmt":"2025-12-06T19:11:10","guid":{"rendered":"https:\/\/www.europesays.com\/pt\/177962\/"},"modified":"2025-12-06T19:11:10","modified_gmt":"2025-12-06T19:11:10","slug":"ainda-no-hospital-nuno-markl-fica-em-lagrimas","status":"publish","type":"post","link":"https:\/\/www.europesays.com\/pt\/177962\/","title":{"rendered":"Ainda no hospital, Nuno Markl fica em l\u00e1grimas"},"content":{"rendered":"<p>Tal como \u00e9 tradi\u00e7\u00e3o, a R\u00e1dio Comercial lan\u00e7ou, neste m\u00eas de dezembro, o respetivo hino de Natal. Este ano, <a href=\"https:\/\/selfie.iol.pt\/famosos\/nuno-markl\/a-recuperar-de-avc-nuno-markl-anuncia-decisao-ate-por-conselho-medico\/20251202\/692f410ed34e3caad84bf2ec\" target=\"_blank\" rel=\"nofollow noopener\">a prop\u00f3sito do problema de sa\u00fade que Nuno Markl enfrenta<\/a>, esta can\u00e7\u00e3o foi especialmente dedicada ao radialista.<\/p>\n<p>Em poucas horas, o tema natal\u00edcio da R\u00e1dio Comercial j\u00e1 se tornou viral e o pr\u00f3prio Nuno Markl j\u00e1 reagiu.<\/p>\n<p>&#8220;Chorei em repuxo. Obrigado, meus queridos amigos. Tenho tantas saudades, caneco!&#8221;, exclamou o comunicador na caixa de coment\u00e1rios da publica\u00e7\u00e3o da can\u00e7\u00e3o.<\/p>\n<p>Veja, agora, o v\u00eddeo. E n\u00e3o deixe de espreitar algumas das melhores imagens de Nuno Markl nas galerias de fotografias que prepar\u00e1mos para si.<\/p>\n<blockquote class=\"instagram-media\" data-instgrm-captioned=\"\" data-instgrm-permalink=\"https:\/\/www.instagram.com\/reel\/DR6w18KDu91\/?utm_source=ig_embed&amp;utm_campaign=loading\" data-instgrm-version=\"14\" style=\" background:#FFF; border:0; border-radius:3px; box-shadow:0 0 1px 0 rgba(0,0,0,0.5),0 1px 10px 0 rgba(0,0,0,0.15); margin: 1px; max-width:540px; min-width:326px; padding:0; width:99.375%; width:-webkit-calc(100% - 2px); width:calc(100% - 2px);\">\n<\/blockquote>\n<p>                        <script async src=\"\/\/www.instagram.com\/embed.js\"><\/script><\/p>\n","protected":false},"excerpt":{"rendered":"Tal como \u00e9 tradi\u00e7\u00e3o, a R\u00e1dio Comercial lan\u00e7ou, neste m\u00eas de dezembro, o respetivo hino de Natal. Este&hellip;\n","protected":false},"author":2,"featured_media":177963,"comment_status":"","ping_status":"","sticky":false,"template":"","format":"standard","meta":{"footnotes":""},"categories":[145],"tags":[211,210,114,115,980,1015,619,11435,32,33,5590,1012],"class_list":{"0":"post-177962","1":"post","2":"type-post","3":"status-publish","4":"format-standard","5":"has-post-thumbnail","7":"category-celebridades","8":"tag-celebridades","9":"tag-celebrities","10":"tag-entertainment","11":"tag-entretenimento","12":"tag-famosos","13":"tag-instagram","14":"tag-nacional","15":"tag-nuno-markl","16":"tag-portugal","17":"tag-pt","18":"tag-radio-comercial","19":"tag-selfie"},"share_on_mastodon":{"url":"https:\/\/pubeurope.com\/@pt\/115674210806292693","error":""},"_links":{"self":[{"href":"https:\/\/www.europesays.com\/pt\/wp-json\/wp\/v2\/posts\/177962","targetHints":{"allow":["GET"]}}],"collection":[{"href":"https:\/\/www.europesays.com\/pt\/wp-json\/wp\/v2\/posts"}],"about":[{"href":"https:\/\/www.europesays.com\/pt\/wp-json\/wp\/v2\/types\/post"}],"author":[{"embeddable":true,"href":"https:\/\/www.europesays.com\/pt\/wp-json\/wp\/v2\/users\/2"}],"replies":[{"embeddable":true,"href":"https:\/\/www.europesays.com\/pt\/wp-json\/wp\/v2\/comments?post=177962"}],"version-history":[{"count":0,"href":"https:\/\/www.europesays.com\/pt\/wp-json\/wp\/v2\/posts\/177962\/revisions"}],"wp:featuredmedia":[{"embeddable":true,"href":"https:\/\/www.europesays.com\/pt\/wp-json\/wp\/v2\/media\/177963"}],"wp:attachment":[{"href":"https:\/\/www.europesays.com\/pt\/wp-json\/wp\/v2\/media?parent=177962"}],"wp:term":[{"taxonomy":"category","embeddable":true,"href":"https:\/\/www.europesays.com\/pt\/wp-json\/wp\/v2\/categories?post=177962"},{"taxonomy":"post_tag","embeddable":true,"href":"https:\/\/www.europesays.com\/pt\/wp-json\/wp\/v2\/tags?post=177962"}],"curies":[{"name":"wp","href":"https:\/\/api.w.org\/{rel}","templated":true}]}}