{"id":177973,"date":"2025-12-06T19:23:13","date_gmt":"2025-12-06T19:23:13","guid":{"rendered":"https:\/\/www.europesays.com\/pt\/177973\/"},"modified":"2025-12-06T19:23:13","modified_gmt":"2025-12-06T19:23:13","slug":"cirurgias-consultas-e-tratamentos-saiba-quais-sao-os-servicos-minimos-definidos-na-saude","status":"publish","type":"post","link":"https:\/\/www.europesays.com\/pt\/177973\/","title":{"rendered":"Cirurgias, consultas e tratamentos. Saiba quais s\u00e3o os servi\u00e7os m\u00ednimos definidos na Sa\u00fade"},"content":{"rendered":"<p data-remotead-prev-elm=\"true\" data-remotead-elm-id=\"inread\">.Sem acordo entre Governo e sindicatos, a decis\u00e3o do Tribunal Arbitral foi tomada por maioria, com o representando dos trabalhadores a votar vencido.<strong> As escalas dos servi\u00e7os ser\u00e3o equiparadas \u00e0s definidas para um domingo ou feriado<\/strong>, devendo este domingo servir de refer\u00eancia. &#8220;N\u00e3o se podem em caso algum ultrapassar o n\u00famero de trabalhadores de um dia \u00fatil de trabalho em cada servi\u00e7o&#8221;, l\u00ea-se no ac\u00f3rd\u00e3o.<\/p>\n<p>De acordo com o ac\u00f3rd\u00e3o dispon\u00edvel no site do Conselho Econ\u00f3mico e Social, os servi\u00e7os m\u00ednimos ter\u00e3o de abranger, al\u00e9m de Urg\u00eancias, &#8220;todas as situa\u00e7\u00f5es das quais possa resultar dano irrepar\u00e1vel, irrevers\u00edvel ou de dif\u00edcil repara\u00e7\u00e3o, medicamente fundamentada&#8221;.<\/p>\n<p>Assim, na Sa\u00fade, ter\u00e3o de ser <strong>convocados m\u00e9dicos, enfermeiros e funcion\u00e1rios para as unidades de atendimento permanente (24 horas) e Urg\u00eancias centralizadas<\/strong>, servi\u00e7os de internamento incluindo hospitaliza\u00e7\u00f5es domicili\u00e1rias, servi\u00e7os paliativos e de cuidados intensivos, nomeadamente de hemodi\u00e1lise, de tratamento oncol\u00f3gico e blocos operat\u00f3rios (exceto de cirurgias programadas), interrup\u00e7\u00e3o volunt\u00e1ria da gravidez, para garantir cumprimento do prazo legal, servi\u00e7os de recolha de \u00f3rg\u00e3os e transplantes, radiologia, tratamento de doentes cr\u00f3nicos, incluindo a administra\u00e7\u00e3o de medicamentos em regime de ambulat\u00f3rio, servi\u00e7os destinados ao aleitamento e de imunoterapia.<\/p>\n<p>Tratamentos oncol\u00f3gicos<\/p>\n<p data-remotead-prev-elm=\"true\" data-remotead-elm-id=\"centro1\">Nos tratamentos oncol\u00f3gicos, devem ser asseguradas cirurgias ou in\u00edcio de tratamento como radioterapias em doen\u00e7as classificadas com n\u00edveis de prioridade 4 ou 3, neste caso, quando n\u00e3o seja poss\u00edvel reprogramar a interven\u00e7\u00e3o nos 15 dias seguintes ap\u00f3s a greve. Cirurgias que tenham de ser adiadas e que, assim, sejam ultrapassados os prazos m\u00e1ximos legais, tamb\u00e9m t\u00eam de ser realizadas. <strong>Tratamentos programados, como de quimioterapia, de medicina nuclear ou com prescri\u00e7\u00e3o di\u00e1ria em regime de ambulat\u00f3rio ter\u00e3o igualmente de ser assegurados<\/strong>.<\/p>\n<p>Para os servi\u00e7os que se encontram encerrados ao fim de semana e, por isso, sem referencial, entendeu o Tribunal Arbitral que o n\u00famero de trabalhadores abrangidos pelos servi\u00e7os m\u00ednimos &#8220;ser\u00e1 o estritamente necess\u00e1rio em face dos procedimentos a executar para que a seguran\u00e7a dos doentes n\u00e3o seja comprometida&#8221;.<\/p>\n<p>No ac\u00f3rd\u00e3o, l\u00ea-se ainda que os representantes dos sindicatos devem designar os trabalhadores necess\u00e1rios para assegurar os servi\u00e7os m\u00ednimos &#8220;definidos at\u00e9 24 horas antes do in\u00edcio da greve&#8221;. E, caso n\u00e3o o fa\u00e7am, a requisi\u00e7\u00e3o ser\u00e1 feita pelas institui\u00e7\u00f5es de Sa\u00fade. &#8220;O recurso ao trabalho dos aderentes \u00e0 greve s\u00f3 \u00e9 l\u00edcito se os servi\u00e7os m\u00ednimos n\u00e3o puderem ser assegurados por trabalhadores n\u00e3o aderentes&#8221;, define o Tribunal Arbitral.<\/p>\n","protected":false},"excerpt":{"rendered":".Sem acordo entre Governo e sindicatos, a decis\u00e3o do Tribunal Arbitral foi tomada por maioria, com o representando&hellip;\n","protected":false},"author":2,"featured_media":177974,"comment_status":"","ping_status":"","sticky":false,"template":"","format":"standard","meta":{"footnotes":""},"categories":[10],"tags":[27,28,23845,15,16,31789,14,25,26,21,22,619,12,13,19,20,32,23,24,33,117,36733,17,18,29,30,31],"class_list":{"0":"post-177973","1":"post","2":"type-post","3":"status-publish","4":"format-standard","5":"has-post-thumbnail","7":"category-portugal","8":"tag-breaking-news","9":"tag-breakingnews","10":"tag-cuidados-de-saude","11":"tag-featured-news","12":"tag-featurednews","13":"tag-greve-geral","14":"tag-headlines","15":"tag-latest-news","16":"tag-latestnews","17":"tag-main-news","18":"tag-mainnews","19":"tag-nacional","20":"tag-news","21":"tag-noticias","22":"tag-noticias-principais","23":"tag-noticiasprincipais","24":"tag-portugal","25":"tag-principais-noticias","26":"tag-principaisnoticias","27":"tag-pt","28":"tag-saude","29":"tag-servicos-minimos","30":"tag-top-stories","31":"tag-topstories","32":"tag-ultimas","33":"tag-ultimas-noticias","34":"tag-ultimasnoticias"},"share_on_mastodon":{"url":"https:\/\/pubeurope.com\/@pt\/115674258247091036","error":""},"_links":{"self":[{"href":"https:\/\/www.europesays.com\/pt\/wp-json\/wp\/v2\/posts\/177973","targetHints":{"allow":["GET"]}}],"collection":[{"href":"https:\/\/www.europesays.com\/pt\/wp-json\/wp\/v2\/posts"}],"about":[{"href":"https:\/\/www.europesays.com\/pt\/wp-json\/wp\/v2\/types\/post"}],"author":[{"embeddable":true,"href":"https:\/\/www.europesays.com\/pt\/wp-json\/wp\/v2\/users\/2"}],"replies":[{"embeddable":true,"href":"https:\/\/www.europesays.com\/pt\/wp-json\/wp\/v2\/comments?post=177973"}],"version-history":[{"count":0,"href":"https:\/\/www.europesays.com\/pt\/wp-json\/wp\/v2\/posts\/177973\/revisions"}],"wp:featuredmedia":[{"embeddable":true,"href":"https:\/\/www.europesays.com\/pt\/wp-json\/wp\/v2\/media\/177974"}],"wp:attachment":[{"href":"https:\/\/www.europesays.com\/pt\/wp-json\/wp\/v2\/media?parent=177973"}],"wp:term":[{"taxonomy":"category","embeddable":true,"href":"https:\/\/www.europesays.com\/pt\/wp-json\/wp\/v2\/categories?post=177973"},{"taxonomy":"post_tag","embeddable":true,"href":"https:\/\/www.europesays.com\/pt\/wp-json\/wp\/v2\/tags?post=177973"}],"curies":[{"name":"wp","href":"https:\/\/api.w.org\/{rel}","templated":true}]}}