{"id":177981,"date":"2025-12-06T19:30:11","date_gmt":"2025-12-06T19:30:11","guid":{"rendered":"https:\/\/www.europesays.com\/pt\/177981\/"},"modified":"2025-12-06T19:30:11","modified_gmt":"2025-12-06T19:30:11","slug":"5-filmes-brasileiros-de-comedia-para-animar-o-seu-fim-de-semana","status":"publish","type":"post","link":"https:\/\/www.europesays.com\/pt\/177981\/","title":{"rendered":"5 filmes brasileiros de com\u00e9dia para animar o seu fim de semana"},"content":{"rendered":"<p>Cada vez mais popular, o cinema brasileiro sempre foi muito plural, mas se tem um g\u00eanero que nunca perde espa\u00e7o e vive em destaque, \u00e9 a com\u00e9dia, principalmente por termos talentos t\u00e3o ic\u00f4nicos como Ingrid Guimar\u00e3es, Selton Mello, o saudoso Paulo Gustavo (1978-2021), que deixou como heran\u00e7a o aprendizado de que rir \u00e9 um ato revolucion\u00e1rio.<\/p>\n<p>Com a correria do dia a dia e o estresse da vida profissional, muitas vezes esquecemos que a divers\u00e3o \u00e9 uma necessidade. Ent\u00e3o, para dar uma relaxada no fim de semana, a Tangerina preparou uma lista de \u00f3timas com\u00e9dias brasileiras para relembrar ou conhecer.<\/p>\n<p>Perrengue Fashion (2025) \u2013 Prime Video<\/p>\n<p>Paula Pratta (Ingrid Guimar\u00e3es) \u00e9 uma influenciadora de moda que v\u00ea sua carreira decolar com uma campanha de Dia das M\u00e3es ao lado do filho,\u00a0Cadu (Filipe Bragan\u00e7a). Mas seu mundo come\u00e7a a desmoronar quando ele abandona a faculdade para morar na Amaz\u00f4nia. A blogueira, ent\u00e3o embarca em uma aventura cheia de perrengues, para os quais ela n\u00e3o estava nada preparada, na inten\u00e7\u00e3o de traz\u00ea-lo de volta. A jornada, no entanto, a faz questionar valores, como uma vida luxuosa ou uma vida sustent\u00e1vel, al\u00e9m de seu pr\u00f3prio papel como m\u00e3e e profissional de influ\u00eancia.<\/p>\n<p>Minha M\u00e3e \u00c9 Uma Pe\u00e7a (2013) \u2013 Netflix e Globoplay<\/p>\n<p>Essa com\u00e9dia com Paulo Gustavo narra a vida de Dona Herm\u00ednia, interpretada por ele mesmo e baseada em sua pr\u00f3pria m\u00e3e. Divorciada, super protetora e sem papas na l\u00edngua, Herm\u00ednia perde o rumo quando seus filhos crescem e saem de casa, deixando o \u201cninho\u201d vazio. Ela, ent\u00e3o, passa a fazer de tudo para estar o mais presente poss\u00edvel na vida dos filhos, ainda que eles mesmos tentem despist\u00e1-la. O filme tem mais duas continua\u00e7\u00f5es.<\/p>\n<p>De Pernas pro Ar (2010) \u2013 Netflix<\/p>\n<p>Mais uma com\u00e9dia estrelada por Ingrid Guimar\u00e3es, De Pernas pro Ar acompanha Alice, uma mulher workaholic que v\u00ea sua vida amorosa e familiar desmoronar depois que seu marido, cansado de perder para o trabalho dela, d\u00e1 um tempo na rela\u00e7\u00e3o. Enquanto tenta se recompor, acaba fechando uma sociedade inesperada com sua vizinha, Marcela (Maria Paula), dona de um sex shop. Durante o tempo sozinha, Alice tamb\u00e9m descobre os prazeres e o sucesso no ramo de produtos er\u00f3ticos. O filme tem mais duas continua\u00e7\u00f5es.<\/p>\n<p>O Auto da Compadecida (2000) \u2013 Globoplay<\/p>\n<p>Nesse cl\u00e1ssico da com\u00e9dia brasileira, os nordestinos Jo\u00e3o Grilo (Matheus Nachtergaele) e Chic\u00f3 (Selton Melo) misturam esperteza e malandragem para sobreviver aos golpes e desafios do sert\u00e3o, al\u00e9m de fugir das garras do canga\u00e7o. Ap\u00f3s uma grande confus\u00e3o da qual eles n\u00e3o conseguiram escapar, todos os envolvidos acabam morrendo e v\u00e3o parar no julgamento divino. L\u00e1, Nossa Senhora, a Compadecida (Fernanda Montenegro) intercede por eles. O filme tem uma continua\u00e7\u00e3o.<\/p>\n<p>Muita Calma Nessa Hora (2010) \u2013 Mercado Play e Prime Video<\/p>\n<p>Com um elenco de peso, Muita Calma Nessa Hora gira em torno das amigas Tita (Andr\u00e9ia Horta), Mari (Gianne Albertoni) e Aninha (Fernanda Souza), que ao se depararem com momentos decisivos de suas vidas amorosas e profissionais, decidem passar um fim de semana em B\u00fazios para esquecer os problemas e relaxar um pouco. No caminho, elas conhecem Estrela (D\u00e9bora Lamm), uma jovem que est\u00e1 em busca de seu pai. Juntas, elas vivenciam novas experi\u00eancias, romances e descobertas em meio a muitos micos e bebedeira. O filme tem uma continua\u00e7\u00e3o.<\/p>\n","protected":false},"excerpt":{"rendered":"Cada vez mais popular, o cinema brasileiro sempre foi muito plural, mas se tem um g\u00eanero que nunca&hellip;\n","protected":false},"author":2,"featured_media":177982,"comment_status":"","ping_status":"","sticky":false,"template":"","format":"standard","meta":{"footnotes":""},"categories":[140],"tags":[937,114,115,147,148,3179,146,32,33],"class_list":{"0":"post-177981","1":"post","2":"type-post","3":"status-publish","4":"format-standard","5":"has-post-thumbnail","7":"category-filmes","8":"tag-amazon-prime-video","9":"tag-entertainment","10":"tag-entretenimento","11":"tag-film","12":"tag-filmes","13":"tag-globoplay","14":"tag-movies","15":"tag-portugal","16":"tag-pt"},"share_on_mastodon":{"url":"https:\/\/pubeurope.com\/@pt\/115674285594600800","error":""},"_links":{"self":[{"href":"https:\/\/www.europesays.com\/pt\/wp-json\/wp\/v2\/posts\/177981","targetHints":{"allow":["GET"]}}],"collection":[{"href":"https:\/\/www.europesays.com\/pt\/wp-json\/wp\/v2\/posts"}],"about":[{"href":"https:\/\/www.europesays.com\/pt\/wp-json\/wp\/v2\/types\/post"}],"author":[{"embeddable":true,"href":"https:\/\/www.europesays.com\/pt\/wp-json\/wp\/v2\/users\/2"}],"replies":[{"embeddable":true,"href":"https:\/\/www.europesays.com\/pt\/wp-json\/wp\/v2\/comments?post=177981"}],"version-history":[{"count":0,"href":"https:\/\/www.europesays.com\/pt\/wp-json\/wp\/v2\/posts\/177981\/revisions"}],"wp:featuredmedia":[{"embeddable":true,"href":"https:\/\/www.europesays.com\/pt\/wp-json\/wp\/v2\/media\/177982"}],"wp:attachment":[{"href":"https:\/\/www.europesays.com\/pt\/wp-json\/wp\/v2\/media?parent=177981"}],"wp:term":[{"taxonomy":"category","embeddable":true,"href":"https:\/\/www.europesays.com\/pt\/wp-json\/wp\/v2\/categories?post=177981"},{"taxonomy":"post_tag","embeddable":true,"href":"https:\/\/www.europesays.com\/pt\/wp-json\/wp\/v2\/tags?post=177981"}],"curies":[{"name":"wp","href":"https:\/\/api.w.org\/{rel}","templated":true}]}}