{"id":177988,"date":"2025-12-06T19:36:10","date_gmt":"2025-12-06T19:36:10","guid":{"rendered":"https:\/\/www.europesays.com\/pt\/177988\/"},"modified":"2025-12-06T19:36:10","modified_gmt":"2025-12-06T19:36:10","slug":"aos-91-anos-recebe-1-milhao-de-euros-de-heranca-e-o-que-faz-choca-a-toda-a-vila","status":"publish","type":"post","link":"https:\/\/www.europesays.com\/pt\/177988\/","title":{"rendered":"Aos 91 anos recebe 1 milh\u00e3o de euros de heran\u00e7a e o que faz choca a toda a vila"},"content":{"rendered":"<p>A hist\u00f3ria de Raymond Landy, um agricultor reformado de 91 anos que vive numa resid\u00eancia em Fran\u00e7a, est\u00e1 a emocionar o pa\u00eds e a ganhar destaque internacional. O gesto solid\u00e1rio do idoso, que decidiu doar mais de um milh\u00e3o de euros deixados pelo irm\u00e3o para salvar a igreja do seu pequeno povoado, tornou-se num s\u00edmbolo de generosidade numa \u00e9poca marcada pela pressa, pelo stress e pela falta de tempo para olhar pelos outros.<\/p>\n<p>Raymond Landy cresceu e trabalhou toda a vida na regi\u00e3o de Loiret, a sul de Paris, numa pequena comunidade onde viveu sempre com o irm\u00e3o e onde ambos se dedicaram \u00e0 agricultura na quinta familiar. Nunca constitu\u00edram fam\u00edlia pr\u00f3pria, mas, segundo os habitantes, estiveram sempre ao servi\u00e7o do povo. Ap\u00f3s a morte do irm\u00e3o em 2022, Raymond herdou mais de um milh\u00e3o de euros \u2014 e rapidamente decidiu o destino dessa quantia.<\/p>\n<p>Sem hesitar, destinou 1,38 milh\u00f5es de euros para a igreja de La Chapelle-sur-Aveyron, amea\u00e7ada de degrada\u00e7\u00e3o acentuada e at\u00e9 de eventual demoli\u00e7\u00e3o. Para o idoso, o templo tinha um significado profundo. \u00abNac\u00ed aqui, me bautizaron aqu\u00ed, hice la comuni\u00f3n aqu\u00ed\u2026\u00bb, recordou emocionado durante a cerim\u00f3nia que assinalou o in\u00edcio das obras.<\/p>\n<p>A homenagem ao reformado decorreu a 25 de outubro, dia em que foi inaugurada uma placa em seu nome na igreja local, em reconhecimento pela doa\u00e7\u00e3o que permitiu arrancar a t\u00e3o necess\u00e1ria reabilita\u00e7\u00e3o. Apesar da idade avan\u00e7ada, de se deslocar em cadeira de rodas e de viver numa resid\u00eancia, Raymond fez quest\u00e3o de estar presente. Acompanhado pelos vizinhos, presidiu ao ato visivelmente emocionado.<\/p>\n<p>O pr\u00f3prio idoso justificou a decis\u00e3o com simplicidade: \u00abA igreja \u00e9 o nosso \u00fanico bem\u00bb, afirmou, lembrando que a aldeia \u00e9 muito pequena e que, por isso, decidiu usar a heran\u00e7a \u00abpara fazer algo importante\u00bb. O sentimento \u00e9 partilhado por muitos habitantes e pelo pr\u00f3prio presidente da c\u00e2mara, que considera o templo \u00abo cora\u00e7\u00e3o do povo\u00bb.<\/p>\n<p>A igreja, como tantas outras estruturas antigas, apresentava sinais graves de desgaste acumulado ao longo de d\u00e9cadas. As autoridades locais tinham tentado, sem sucesso, encontrar financiamento para a sua recupera\u00e7\u00e3o, mas os custos elevados tornavam o projeto praticamente imposs\u00edvel. O presidente da c\u00e2mara, Christian Chevalier, explicou que \u00abo nosso or\u00e7amento nunca nos permitiu financiar estas grandes obras. \u00c9 uma suma muito elevada\u2026\u00bb.<\/p>\n<p>Com a doa\u00e7\u00e3o de Raymond, o impasse terminou e instalaram-se finalmente condi\u00e7\u00f5es para avan\u00e7ar com uma interven\u00e7\u00e3o profunda e faseada.<\/p>\n<p>O arquiteto respons\u00e1vel pela reabilita\u00e7\u00e3o, Antonio Leriche, confirmou que o montante doado permite realizar \u00abo m\u00e1ximo poss\u00edvel de obras\u00bb dentro da proje\u00e7\u00e3o inicial. A primeira fase arrancou com o levantamento do campan\u00e1rio, e as interven\u00e7\u00f5es seguintes \u2014 entre a primavera e o outono \u2014 incluem a restaura\u00e7\u00e3o do coro, a reconstru\u00e7\u00e3o do telhado e o refor\u00e7o estrutural da nave.<\/p>\n<p>Depois dessas etapas, restar\u00e3o apenas \u00abpequenos detalhes sem urg\u00eancia\u00bb, disse o autarca, satisfeito com o progresso. No dia da inaugura\u00e7\u00e3o da placa em homenagem a Raymond, Christian Chevalier sublinhou que, gra\u00e7as ao gesto do idoso, a igreja estar\u00e1 preparada \u00abpara outros 150 anos\u00bb.<\/p>\n","protected":false},"excerpt":{"rendered":"A hist\u00f3ria de Raymond Landy, um agricultor reformado de 91 anos que vive numa resid\u00eancia em Fran\u00e7a, est\u00e1&hellip;\n","protected":false},"author":2,"featured_media":177989,"comment_status":"","ping_status":"","sticky":false,"template":"","format":"standard","meta":{"footnotes":""},"categories":[50],"tags":[27,28,15,16,14,25,26,21,22,62,12,13,19,20,23,24,17,18,29,30,31,63,64,65],"class_list":{"0":"post-177988","1":"post","2":"type-post","3":"status-publish","4":"format-standard","5":"has-post-thumbnail","7":"category-mundo","8":"tag-breaking-news","9":"tag-breakingnews","10":"tag-featured-news","11":"tag-featurednews","12":"tag-headlines","13":"tag-latest-news","14":"tag-latestnews","15":"tag-main-news","16":"tag-mainnews","17":"tag-mundo","18":"tag-news","19":"tag-noticias","20":"tag-noticias-principais","21":"tag-noticiasprincipais","22":"tag-principais-noticias","23":"tag-principaisnoticias","24":"tag-top-stories","25":"tag-topstories","26":"tag-ultimas","27":"tag-ultimas-noticias","28":"tag-ultimasnoticias","29":"tag-world","30":"tag-world-news","31":"tag-worldnews"},"share_on_mastodon":{"url":"https:\/\/pubeurope.com\/@pt\/115674309119810619","error":""},"_links":{"self":[{"href":"https:\/\/www.europesays.com\/pt\/wp-json\/wp\/v2\/posts\/177988","targetHints":{"allow":["GET"]}}],"collection":[{"href":"https:\/\/www.europesays.com\/pt\/wp-json\/wp\/v2\/posts"}],"about":[{"href":"https:\/\/www.europesays.com\/pt\/wp-json\/wp\/v2\/types\/post"}],"author":[{"embeddable":true,"href":"https:\/\/www.europesays.com\/pt\/wp-json\/wp\/v2\/users\/2"}],"replies":[{"embeddable":true,"href":"https:\/\/www.europesays.com\/pt\/wp-json\/wp\/v2\/comments?post=177988"}],"version-history":[{"count":0,"href":"https:\/\/www.europesays.com\/pt\/wp-json\/wp\/v2\/posts\/177988\/revisions"}],"wp:featuredmedia":[{"embeddable":true,"href":"https:\/\/www.europesays.com\/pt\/wp-json\/wp\/v2\/media\/177989"}],"wp:attachment":[{"href":"https:\/\/www.europesays.com\/pt\/wp-json\/wp\/v2\/media?parent=177988"}],"wp:term":[{"taxonomy":"category","embeddable":true,"href":"https:\/\/www.europesays.com\/pt\/wp-json\/wp\/v2\/categories?post=177988"},{"taxonomy":"post_tag","embeddable":true,"href":"https:\/\/www.europesays.com\/pt\/wp-json\/wp\/v2\/tags?post=177988"}],"curies":[{"name":"wp","href":"https:\/\/api.w.org\/{rel}","templated":true}]}}