{"id":177990,"date":"2025-12-06T19:38:33","date_gmt":"2025-12-06T19:38:33","guid":{"rendered":"https:\/\/www.europesays.com\/pt\/177990\/"},"modified":"2025-12-06T19:38:33","modified_gmt":"2025-12-06T19:38:33","slug":"funcionario-de-loja-na-varziela-foi-esfaqueado-pelas-costas","status":"publish","type":"post","link":"https:\/\/www.europesays.com\/pt\/177990\/","title":{"rendered":"Funcion\u00e1rio de loja na Varziela foi esfaqueado pelas costas"},"content":{"rendered":"<p data-remotead-prev-elm=\"true\" data-remotead-elm-id=\"inread\">Segundo o JN apurou, a agress\u00e3o ocorreu cerca das 19 horas, numa das lojas de chineses localizada naquela zona, sendo que a v\u00edtima trabalhava no estabelecimento.<\/p>\n<p>A v\u00edtima tem 32 anos e foi atacada pelas costas, tendo sofrido golpes na zona lombar e num bra\u00e7o. Quando os Bombeiros Volunt\u00e1rios de Vila do Conde chegaram ao local, n\u00e3o conseguiram perceber as circunst\u00e2ncias do crime.<\/p>\n<p>O JN tamb\u00e9m esteve no local e, pelas 20.30 horas, encontrou as lojas da Varziela todas encerradas. Nas ruas, desertas, n\u00e3o havia sinal do crime ocorrido cerca de uma hora e meia antes<\/p>\n<p data-remotead-prev-elm=\"true\" data-remotead-elm-id=\"centro1\">Para o local foram mobilizados os Volunt\u00e1rios de Vila do Conde e a GNR. Ao JN, fonte do Comando Territorial do Porto confirmou que o funcion\u00e1rio da loja foi v\u00edtima de uma agress\u00e3o com uma arma branca, indicando ser ainda desconhecido o contexto em que a mesma ocorreu.<\/p>\n<p>A investiga\u00e7\u00e3o, em princ\u00edpio, ficar\u00e1 a cargo da GNR.<\/p>\n","protected":false},"excerpt":{"rendered":"Segundo o JN apurou, a agress\u00e3o ocorreu cerca das 19 horas, numa das lojas de chineses localizada naquela&hellip;\n","protected":false},"author":2,"featured_media":177991,"comment_status":"","ping_status":"","sticky":false,"template":"","format":"standard","meta":{"footnotes":""},"categories":[10],"tags":[36736,27,28,15,16,14,603,25,26,21,22,12,13,19,20,32,23,24,33,17,18,29,30,31,15104],"class_list":{"0":"post-177990","1":"post","2":"type-post","3":"status-publish","4":"format-standard","5":"has-post-thumbnail","7":"category-portugal","8":"tag-bombeiros-de-vila-do-conde","9":"tag-breaking-news","10":"tag-breakingnews","11":"tag-featured-news","12":"tag-featurednews","13":"tag-headlines","14":"tag-justica","15":"tag-latest-news","16":"tag-latestnews","17":"tag-main-news","18":"tag-mainnews","19":"tag-news","20":"tag-noticias","21":"tag-noticias-principais","22":"tag-noticiasprincipais","23":"tag-portugal","24":"tag-principais-noticias","25":"tag-principaisnoticias","26":"tag-pt","27":"tag-top-stories","28":"tag-topstories","29":"tag-ultimas","30":"tag-ultimas-noticias","31":"tag-ultimasnoticias","32":"tag-vila-do-conde"},"share_on_mastodon":{"url":"https:\/\/pubeurope.com\/@pt\/115674316986496310","error":""},"_links":{"self":[{"href":"https:\/\/www.europesays.com\/pt\/wp-json\/wp\/v2\/posts\/177990","targetHints":{"allow":["GET"]}}],"collection":[{"href":"https:\/\/www.europesays.com\/pt\/wp-json\/wp\/v2\/posts"}],"about":[{"href":"https:\/\/www.europesays.com\/pt\/wp-json\/wp\/v2\/types\/post"}],"author":[{"embeddable":true,"href":"https:\/\/www.europesays.com\/pt\/wp-json\/wp\/v2\/users\/2"}],"replies":[{"embeddable":true,"href":"https:\/\/www.europesays.com\/pt\/wp-json\/wp\/v2\/comments?post=177990"}],"version-history":[{"count":0,"href":"https:\/\/www.europesays.com\/pt\/wp-json\/wp\/v2\/posts\/177990\/revisions"}],"wp:featuredmedia":[{"embeddable":true,"href":"https:\/\/www.europesays.com\/pt\/wp-json\/wp\/v2\/media\/177991"}],"wp:attachment":[{"href":"https:\/\/www.europesays.com\/pt\/wp-json\/wp\/v2\/media?parent=177990"}],"wp:term":[{"taxonomy":"category","embeddable":true,"href":"https:\/\/www.europesays.com\/pt\/wp-json\/wp\/v2\/categories?post=177990"},{"taxonomy":"post_tag","embeddable":true,"href":"https:\/\/www.europesays.com\/pt\/wp-json\/wp\/v2\/tags?post=177990"}],"curies":[{"name":"wp","href":"https:\/\/api.w.org\/{rel}","templated":true}]}}