{"id":177994,"date":"2025-12-06T19:43:09","date_gmt":"2025-12-06T19:43:09","guid":{"rendered":"https:\/\/www.europesays.com\/pt\/177994\/"},"modified":"2025-12-06T19:43:09","modified_gmt":"2025-12-06T19:43:09","slug":"tatiana-boa-nova-declara-se-a-ruben-com-foto-emocionante-do-bebe","status":"publish","type":"post","link":"https:\/\/www.europesays.com\/pt\/177994\/","title":{"rendered":"Tatiana Boa Nova declara-se a R\u00faben com foto emocionante do beb\u00e9"},"content":{"rendered":"<p>\t\t\t\t\t\t\t\t\t\t\t\t\t\tDepois de ter dado as boas-vindas ao pequeno Rodrigo, Tatiana Boa Nova recorreu \u00e0s redes sociais para dedicar palavras de profundo carinho ao marido, R\u00faben Boa Nova.<\/p>\n<p data-path-to-node=\"4\">A rec\u00e9m-mam\u00e3 de segunda viagem partilhou uma fotografia ternurenta onde o companheiro surge com o beb\u00e9 ao colo, num momento de conex\u00e3o.<\/p>\n<p data-path-to-node=\"4\">Rendida \u00e0 postura do companheiro nesta nova fase, Tatiana Boa Nova abriu o cora\u00e7\u00e3o: <strong>\u201cN\u00e3o poderia n\u00e3o estar mais orgulhosa de ti e deixa-me dizer-te que cada dia te consigo amar ainda mais!\u201d<\/strong>.<\/p>\n<p data-path-to-node=\"5\">Na mensagem emotiva, a ex-concorrente n\u00e3o poupou nos elogios \u00e0s compet\u00eancias de R\u00faben Boa Nova, que j\u00e1 \u00e9 pai de Louren\u00e7o: <strong>\u201c\u00c9s o melhor pai do mundo, obrigada por estes dias\u201d<\/strong>, agradeceu.<\/p>\n<p data-path-to-node=\"6\">A declara\u00e7\u00e3o terminou com uma reflex\u00e3o:<strong> \u201cEnsinas-me todos os dias que o amor \u00e9 muito mais do que aquilo que se v\u00ea \u2764\ufe0f\u201d<\/strong>.<\/p>\n<p>Veja aqui:<\/p>\n<p><img loading=\"lazy\" decoding=\"async\" class=\"alignnone size-full wp-image-655878\" src=\"data:image\/svg+xml,%3Csvg%20xmlns=\" http:=\"\" alt=\"\" width=\"456\" height=\"817\" data-lazy- data-lazy- data-lazy-src=\"https:\/\/www.europesays.com\/pt\/wp-content\/uploads\/2025\/12\/Captura-de-ecra-2025-12-06-131820.png\"\/><\/p>\n","protected":false},"excerpt":{"rendered":"Depois de ter dado as boas-vindas ao pequeno Rodrigo, Tatiana Boa Nova recorreu \u00e0s redes sociais para dedicar&hellip;\n","protected":false},"author":2,"featured_media":177995,"comment_status":"","ping_status":"","sticky":false,"template":"","format":"standard","meta":{"footnotes":""},"categories":[142],"tags":[114,115,32,33,36737,36615,2630,151],"class_list":{"0":"post-177994","1":"post","2":"type-post","3":"status-publish","4":"format-standard","5":"has-post-thumbnail","7":"category-tv","8":"tag-entertainment","9":"tag-entretenimento","10":"tag-portugal","11":"tag-pt","12":"tag-recu00e9m-nascido","13":"tag-ru00faben-boa-nova","14":"tag-tatiana-boa-nova","15":"tag-tv"},"share_on_mastodon":{"url":"https:\/\/pubeurope.com\/@pt\/115674336699185771","error":""},"_links":{"self":[{"href":"https:\/\/www.europesays.com\/pt\/wp-json\/wp\/v2\/posts\/177994","targetHints":{"allow":["GET"]}}],"collection":[{"href":"https:\/\/www.europesays.com\/pt\/wp-json\/wp\/v2\/posts"}],"about":[{"href":"https:\/\/www.europesays.com\/pt\/wp-json\/wp\/v2\/types\/post"}],"author":[{"embeddable":true,"href":"https:\/\/www.europesays.com\/pt\/wp-json\/wp\/v2\/users\/2"}],"replies":[{"embeddable":true,"href":"https:\/\/www.europesays.com\/pt\/wp-json\/wp\/v2\/comments?post=177994"}],"version-history":[{"count":0,"href":"https:\/\/www.europesays.com\/pt\/wp-json\/wp\/v2\/posts\/177994\/revisions"}],"wp:featuredmedia":[{"embeddable":true,"href":"https:\/\/www.europesays.com\/pt\/wp-json\/wp\/v2\/media\/177995"}],"wp:attachment":[{"href":"https:\/\/www.europesays.com\/pt\/wp-json\/wp\/v2\/media?parent=177994"}],"wp:term":[{"taxonomy":"category","embeddable":true,"href":"https:\/\/www.europesays.com\/pt\/wp-json\/wp\/v2\/categories?post=177994"},{"taxonomy":"post_tag","embeddable":true,"href":"https:\/\/www.europesays.com\/pt\/wp-json\/wp\/v2\/tags?post=177994"}],"curies":[{"name":"wp","href":"https:\/\/api.w.org\/{rel}","templated":true}]}}